{"id":42297,"date":"2023-01-10T19:30:23","date_gmt":"2023-01-10T22:30:23","guid":{"rendered":"https:\/\/www.paranapraia.com.br\/?p=42297"},"modified":"2023-01-10T19:30:24","modified_gmt":"2023-01-10T22:30:24","slug":"estado-libera-r-18-milhao-para-o-hospital-pequeno-principe-adquirir-novos-equipamentos","status":"publish","type":"post","link":"https:\/\/www.paranapraia.com.br\/index.php\/2023\/01\/10\/estado-libera-r-18-milhao-para-o-hospital-pequeno-principe-adquirir-novos-equipamentos\/","title":{"rendered":"Estado libera R$ 1,8 milh\u00e3o para o Hospital Pequeno Pr\u00edncipe adquirir novos equipamentos"},"content":{"rendered":"\n<p>O Governo do Estado assinou&nbsp;nesta ter\u00e7a-feira (10) um conv\u00eanio com o Hospital Pequeno Pr\u00edncipe, em Curitiba,&nbsp;para o repasse de R$ 1,8 milh\u00e3o para aquisi\u00e7\u00e3o de duas m\u00e1quinas de circula\u00e7\u00e3o extracorp\u00f3rea. A oficializa\u00e7\u00e3o foi feita pelo&nbsp;secret\u00e1rio de Estado da Sa\u00fade, Beto Preto.<\/p>\n\n\n\n<p>Os novos equipamentos substituir\u00e3o as m\u00e1quinas existentes no hospital, trazendo mais qualidade e seguran\u00e7a nos atendimentos aos pacientes.<\/p>\n\n\n\n<p>\u201cO Pequeno Pr\u00edncipe \u00e9 um hospital de ponta no atendimento das crian\u00e7as de todo o Paran\u00e1. Com apoio do Governo, a aquisi\u00e7\u00e3o desses novos equipamentos dar\u00e1 vaz\u00e3o a uma necessidade do hospital, al\u00e9m de dar um salto de qualidade para as cirurgias card\u00edacas\u201d, disse Beto Preto.<\/p>\n\n\n\n<p>O Pequeno Pr\u00edncipe \u00e9 o maior centro m\u00e9dico voltado exclusivamente&nbsp;para o atendimento pedi\u00e1trico do Brasil. S\u00e3o realizados mais de 200 mil procedimentos ambulatoriais por ano, sendo refer\u00eancia em procedimentos de m\u00e9dia e alta complexidade.<\/p>\n\n\n\n<p>Embora seja uma unidade privada, a maioria dos atendimentos \u00e9 feito pelo Sistema \u00danico de Sa\u00fade (SUS). S\u00f3 no \u00faltimo ano, o Governo do Estado autorizou conv\u00eanios para compra de equipamentos e mobili\u00e1rios no valor de mais R$ 5 milh\u00f5es par a institui\u00e7\u00e3o.<\/p>\n\n\n\n<p>\u201c\u00c9 um hospital de alta complexidade e precisamos trabalhar com cada vez mais precis\u00e3o e tecnologia. A substitui\u00e7\u00e3o desses equipamentos possibilita que os procedimentos m\u00e9dicos sejam realizados com maior seguran\u00e7a e melhor resultado. S\u00f3 temos a agradecer o reconhecimento por parte do Governo\u201d, enfatizou o diretor t\u00e9cnico do Hospital Pequeno Pr\u00edncipe, Donizetti Dimer Giamberardino.<\/p>\n\n\n\n<p>O deputado federal Ney Leprevost tamb\u00e9m participou da assinatura.<\/p>\n\n\n\n<p>AEN<\/p>\n","protected":false},"excerpt":{"rendered":"<p>O Governo do Estado assinou&nbsp;nesta ter\u00e7a-feira (10) um conv\u00eanio com o Hospital Pequeno Pr\u00edncipe, em Curitiba,&nbsp;para o repasse de R$ 1,8 milh\u00e3o para aquisi\u00e7\u00e3o de duas m\u00e1quinas de circula\u00e7\u00e3o extracorp\u00f3rea. A oficializa\u00e7\u00e3o foi feita pelo&nbsp;secret\u00e1rio de Estado da Sa\u00fade, Beto Preto. Os novos equipamentos substituir\u00e3o as m\u00e1quinas existentes no hospital, trazendo mais qualidade e seguran\u00e7a [&hellip;]<\/p>\n","protected":false},"author":2,"featured_media":42298,"comment_status":"open","ping_status":"open","sticky":false,"template":"","format":"standard","meta":{"advanced_seo_description":"","jetpack_seo_html_title":"","jetpack_seo_noindex":false,"_jetpack_memberships_contains_paid_content":false,"footnotes":""},"categories":[50],"tags":[],"class_list":{"0":"post-42297","1":"post","2":"type-post","3":"status-publish","4":"format-standard","5":"has-post-thumbnail","7":"category-saude"},"jetpack_featured_media_url":"https:\/\/www.paranapraia.com.br\/wp-content\/uploads\/2023\/01\/dsc_4202-scaled.jpg","jetpack_sharing_enabled":true,"_links":{"self":[{"href":"https:\/\/www.paranapraia.com.br\/index.php\/wp-json\/wp\/v2\/posts\/42297"}],"collection":[{"href":"https:\/\/www.paranapraia.com.br\/index.php\/wp-json\/wp\/v2\/posts"}],"about":[{"href":"https:\/\/www.paranapraia.com.br\/index.php\/wp-json\/wp\/v2\/types\/post"}],"author":[{"embeddable":true,"href":"https:\/\/www.paranapraia.com.br\/index.php\/wp-json\/wp\/v2\/users\/2"}],"replies":[{"embeddable":true,"href":"https:\/\/www.paranapraia.com.br\/index.php\/wp-json\/wp\/v2\/comments?post=42297"}],"version-history":[{"count":1,"href":"https:\/\/www.paranapraia.com.br\/index.php\/wp-json\/wp\/v2\/posts\/42297\/revisions"}],"predecessor-version":[{"id":42299,"href":"https:\/\/www.paranapraia.com.br\/index.php\/wp-json\/wp\/v2\/posts\/42297\/revisions\/42299"}],"wp:featuredmedia":[{"embeddable":true,"href":"https:\/\/www.paranapraia.com.br\/index.php\/wp-json\/wp\/v2\/media\/42298"}],"wp:attachment":[{"href":"https:\/\/www.paranapraia.com.br\/index.php\/wp-json\/wp\/v2\/media?parent=42297"}],"wp:term":[{"taxonomy":"category","embeddable":true,"href":"https:\/\/www.paranapraia.com.br\/index.php\/wp-json\/wp\/v2\/categories?post=42297"},{"taxonomy":"post_tag","embeddable":true,"href":"https:\/\/www.paranapraia.com.br\/index.php\/wp-json\/wp\/v2\/tags?post=42297"}],"curies":[{"name":"wp","href":"https:\/\/api.w.org\/{rel}","templated":true}]}}