{"id":42287,"date":"2023-01-10T16:16:38","date_gmt":"2023-01-10T19:16:38","guid":{"rendered":"https:\/\/www.paranapraia.com.br\/?p=42287"},"modified":"2023-01-10T16:16:39","modified_gmt":"2023-01-10T19:16:39","slug":"primeiro-boletim-da-dengue-do-ano-aponta-198-municipios-do-parana-com-casos-confirmados","status":"publish","type":"post","link":"https:\/\/www.paranapraia.com.br\/index.php\/2023\/01\/10\/primeiro-boletim-da-dengue-do-ano-aponta-198-municipios-do-parana-com-casos-confirmados\/","title":{"rendered":"Primeiro boletim da dengue do ano aponta 198 munic\u00edpios do Paran\u00e1 com casos confirmados"},"content":{"rendered":"\n<p>O primeiro boletim epidemiol\u00f3gico da dengue de 2023, divulgado pela Secretaria de Estado da Sa\u00fade (Sesa) nesta ter\u00e7a-feira (10), revela que 198 munic\u00edpios do Paran\u00e1 tiveram casos confirmados e 168 registraram autoctonia, quando a doen\u00e7a \u00e9 contra\u00edda no munic\u00edpio de resid\u00eancia.<\/p>\n\n\n\n<p>De acordo com o Informe semanal n\u00ba 20, os dados acumulados de agosto de 2022 at\u00e9 3 de janeiro deste ano registram 2.284 casos confirmados, 6.041 em investiga\u00e7\u00e3o, 33.276 notifica\u00e7\u00f5es e tr\u00eas \u00f3bitos.<\/p>\n\n\n\n<p>Em compara\u00e7\u00e3o ao \u00faltimo boletim, publicado em 20 de dezembro do ano passado, houve um aumento de 18% nas notifica\u00e7\u00f5es (4.997) e 14% de novos casos confirmados (282).<\/p>\n\n\n\n<p>\u201cEstamos atentos aos n\u00fameros registrados neste in\u00edcio de ano, acompanhando os 399 munic\u00edpios paranaenses. Esperamos que nenhum outro \u00f3bito ocorra e que a popula\u00e7\u00e3o continue com todos os cuidados para que consigamos conter a doen\u00e7a\u201d, disse o secret\u00e1rio de Estado da Sa\u00fade, Beto Preto.<\/p>\n\n\n\n<p>A transmiss\u00e3o da dengue acontece por meio da picada da f\u00eamea do mosquito Aedes aegypti infectado com o v\u00edrus. Ap\u00f3s a picada, os sintomas podem aparecer em at\u00e9 15 dias.<\/p>\n\n\n\n<p>Normalmente, a primeira manifesta\u00e7\u00e3o da dengue \u00e9 febre alta (39\u00b0 a 40\u00b0C), que dura de dois a sete dias, acompanhada de dor de cabe\u00e7a, fraqueza, dores no corpo, nas articula\u00e7\u00f5es e no fundo dos olhos. Podem ocorrer manchas que atingem a face, tronco, bra\u00e7os e pernas. Perda de apetite, n\u00e1useas e v\u00f4mitos tamb\u00e9m podem acontecer.<\/p>\n\n\n\n<p>O mosquito Aedes aegypti tamb\u00e9m \u00e9 respons\u00e1vel por transmitir, al\u00e9m da dengue, a zika e a chikungunya. Durante este per\u00edodo n\u00e3o houve registro de casos de zika e foram confirmados tr\u00eas casos importados de febre chikungunya.<\/p>\n\n\n\n<p>Confira o boletim completo\u00a0<strong><a rel=\"noreferrer noopener\" href=\"https:\/\/www.documentador.pr.gov.br\/documentador\/pub.do?action=d&amp;uuid=@gtf-escriba-sesa@ee632d3e-7cea-4fc4-9c12-fadc1e9e4b0e&amp;emPg=true\" target=\"_blank\">AQUI<\/a><\/strong>.<\/p>\n\n\n\n<p>aen<\/p>\n","protected":false},"excerpt":{"rendered":"<p>O primeiro boletim epidemiol\u00f3gico da dengue de 2023, divulgado pela Secretaria de Estado da Sa\u00fade (Sesa) nesta ter\u00e7a-feira (10), revela que 198 munic\u00edpios do Paran\u00e1 tiveram casos confirmados e 168 registraram autoctonia, quando a doen\u00e7a \u00e9 contra\u00edda no munic\u00edpio de resid\u00eancia. De acordo com o Informe semanal n\u00ba 20, os dados acumulados de agosto de [&hellip;]<\/p>\n","protected":false},"author":2,"featured_media":42288,"comment_status":"open","ping_status":"open","sticky":false,"template":"","format":"standard","meta":{"advanced_seo_description":"","jetpack_seo_html_title":"","jetpack_seo_noindex":false,"_jetpack_memberships_contains_paid_content":false,"footnotes":""},"categories":[50],"tags":[],"class_list":{"0":"post-42287","1":"post","2":"type-post","3":"status-publish","4":"format-standard","5":"has-post-thumbnail","7":"category-saude"},"jetpack_featured_media_url":"https:\/\/www.paranapraia.com.br\/wp-content\/uploads\/2023\/01\/dengue_boletim.jpg","jetpack_sharing_enabled":true,"_links":{"self":[{"href":"https:\/\/www.paranapraia.com.br\/index.php\/wp-json\/wp\/v2\/posts\/42287"}],"collection":[{"href":"https:\/\/www.paranapraia.com.br\/index.php\/wp-json\/wp\/v2\/posts"}],"about":[{"href":"https:\/\/www.paranapraia.com.br\/index.php\/wp-json\/wp\/v2\/types\/post"}],"author":[{"embeddable":true,"href":"https:\/\/www.paranapraia.com.br\/index.php\/wp-json\/wp\/v2\/users\/2"}],"replies":[{"embeddable":true,"href":"https:\/\/www.paranapraia.com.br\/index.php\/wp-json\/wp\/v2\/comments?post=42287"}],"version-history":[{"count":1,"href":"https:\/\/www.paranapraia.com.br\/index.php\/wp-json\/wp\/v2\/posts\/42287\/revisions"}],"predecessor-version":[{"id":42289,"href":"https:\/\/www.paranapraia.com.br\/index.php\/wp-json\/wp\/v2\/posts\/42287\/revisions\/42289"}],"wp:featuredmedia":[{"embeddable":true,"href":"https:\/\/www.paranapraia.com.br\/index.php\/wp-json\/wp\/v2\/media\/42288"}],"wp:attachment":[{"href":"https:\/\/www.paranapraia.com.br\/index.php\/wp-json\/wp\/v2\/media?parent=42287"}],"wp:term":[{"taxonomy":"category","embeddable":true,"href":"https:\/\/www.paranapraia.com.br\/index.php\/wp-json\/wp\/v2\/categories?post=42287"},{"taxonomy":"post_tag","embeddable":true,"href":"https:\/\/www.paranapraia.com.br\/index.php\/wp-json\/wp\/v2\/tags?post=42287"}],"curies":[{"name":"wp","href":"https:\/\/api.w.org\/{rel}","templated":true}]}}