{"id":4226,"date":"2019-04-03T09:29:11","date_gmt":"2019-04-03T12:29:11","guid":{"rendered":"https:\/\/www.paranapraia.com.br\/?p=4226"},"modified":"2019-04-03T09:29:54","modified_gmt":"2019-04-03T12:29:54","slug":"madrugada-violenta-tem-dois-homicidios-uma-das-vitimas-foi-morta-a-pedradas","status":"publish","type":"post","link":"https:\/\/www.paranapraia.com.br\/index.php\/2019\/04\/03\/madrugada-violenta-tem-dois-homicidios-uma-das-vitimas-foi-morta-a-pedradas\/","title":{"rendered":"Madrugada violenta tem dois homic\u00eddios; uma das v\u00edtimas foi morta a pedradas em Curitiba"},"content":{"rendered":"\n<p>Duas pessoas foram assassinadas no fim da madrugada desta quarta-feira (3) em Curitiba. Em um dos casos, a v\u00edtima foi morta a tijoladas. De acordo com as informa\u00e7\u00f5es da Sala de Imprensa da Pol\u00edcia Militar, um entregador de jornais acionou a pol\u00edcia e os bombeiros por volta de 4h51, ao se deparar com um homem de aproximadamente 45 anos ferido e sangrando muito na Rua Nova Esperan\u00e7a, no Bairro S\u00edtio Cercado.<\/p>\n\n\n\n<p>O entregador relatou a pol\u00edcia que \u201ca v\u00edtima ainda respirava quando ele a encontrou\u201d. Apesar disto, quando o socorro chegou, o homem j\u00e1 estava morto.<\/p>\n\n\n\n<p>O outro caso de homic\u00eddio foi registrado pouco depois, \u00e0s 5h14, mas este no Bairro Tatuquara. Conforme a Sala de Imprensa da Pol\u00edcia Militar, o crime aconteceu na Rua Jos\u00e9 Vidal Vanhoni.<\/p>\n\n\n\n<p>A v\u00edtima, que n\u00e3o foi identificada no local, mas se trata de um homem, foi v\u00edtima de grave agress\u00e3o. A cabe\u00e7a da v\u00edtima foi \u2018esfacelada\u2019, por tijoladas ou pedradas, segundo a pol\u00edcia. V\u00e1rios peda\u00e7os de tijolos e pedras foram encontrados ao lado do corpo. O Siate tamb\u00e9m chegou a ser acionado, mas o homem j\u00e1 estava morto.<\/p>\n\n\n\n<p>Os corpos foram recolhidos ao Instituto M\u00e9dico Legal (IML). A Divis\u00e3o de Homic\u00eddios e Prote\u00e7\u00e3o \u00e0 Pessoa (DHPP) passa a investigar os casos.<\/p>\n\n\n\n<p>Massa News<\/p>\n","protected":false},"excerpt":{"rendered":"<p>Duas pessoas foram assassinadas no fim da madrugada desta quarta-feira (3) em Curitiba. Em um dos casos, a v\u00edtima foi morta a tijoladas. De acordo com as informa\u00e7\u00f5es da Sala de Imprensa da Pol\u00edcia Militar, um entregador de jornais acionou a pol\u00edcia e os bombeiros por volta de 4h51, ao se deparar com um homem [&hellip;]<\/p>\n","protected":false},"author":2,"featured_media":4227,"comment_status":"open","ping_status":"open","sticky":false,"template":"","format":"standard","meta":{"advanced_seo_description":"","jetpack_seo_html_title":"","jetpack_seo_noindex":false,"_jetpack_memberships_contains_paid_content":false,"footnotes":""},"categories":[33],"tags":[],"class_list":{"0":"post-4226","1":"post","2":"type-post","3":"status-publish","4":"format-standard","5":"has-post-thumbnail","7":"category-policia"},"jetpack_featured_media_url":"https:\/\/www.paranapraia.com.br\/wp-content\/uploads\/2019\/04\/iml.jpg","jetpack_sharing_enabled":true,"_links":{"self":[{"href":"https:\/\/www.paranapraia.com.br\/index.php\/wp-json\/wp\/v2\/posts\/4226"}],"collection":[{"href":"https:\/\/www.paranapraia.com.br\/index.php\/wp-json\/wp\/v2\/posts"}],"about":[{"href":"https:\/\/www.paranapraia.com.br\/index.php\/wp-json\/wp\/v2\/types\/post"}],"author":[{"embeddable":true,"href":"https:\/\/www.paranapraia.com.br\/index.php\/wp-json\/wp\/v2\/users\/2"}],"replies":[{"embeddable":true,"href":"https:\/\/www.paranapraia.com.br\/index.php\/wp-json\/wp\/v2\/comments?post=4226"}],"version-history":[{"count":2,"href":"https:\/\/www.paranapraia.com.br\/index.php\/wp-json\/wp\/v2\/posts\/4226\/revisions"}],"predecessor-version":[{"id":4229,"href":"https:\/\/www.paranapraia.com.br\/index.php\/wp-json\/wp\/v2\/posts\/4226\/revisions\/4229"}],"wp:featuredmedia":[{"embeddable":true,"href":"https:\/\/www.paranapraia.com.br\/index.php\/wp-json\/wp\/v2\/media\/4227"}],"wp:attachment":[{"href":"https:\/\/www.paranapraia.com.br\/index.php\/wp-json\/wp\/v2\/media?parent=4226"}],"wp:term":[{"taxonomy":"category","embeddable":true,"href":"https:\/\/www.paranapraia.com.br\/index.php\/wp-json\/wp\/v2\/categories?post=4226"},{"taxonomy":"post_tag","embeddable":true,"href":"https:\/\/www.paranapraia.com.br\/index.php\/wp-json\/wp\/v2\/tags?post=4226"}],"curies":[{"name":"wp","href":"https:\/\/api.w.org\/{rel}","templated":true}]}}