{"id":4218,"date":"2019-04-03T09:24:42","date_gmt":"2019-04-03T12:24:42","guid":{"rendered":"https:\/\/www.paranapraia.com.br\/?p=4218"},"modified":"2019-04-03T09:24:43","modified_gmt":"2019-04-03T12:24:43","slug":"prefeito-de-pontal-do-parana-realiza-visita-no-ministerio-do-turismo-em-busca-de-recursos","status":"publish","type":"post","link":"https:\/\/www.paranapraia.com.br\/index.php\/2019\/04\/03\/prefeito-de-pontal-do-parana-realiza-visita-no-ministerio-do-turismo-em-busca-de-recursos\/","title":{"rendered":"Prefeito de Pontal do Paran\u00e1 realiza visita no Minist\u00e9rio do Turismo em busca de recursos"},"content":{"rendered":"\n<p>O munic\u00edpio de Pontal do Paran\u00e1 est\u00e1 presente nesta semana em Bras\u00edlia, onde o prefeito Marcos Casquinha, o vice e Secret\u00e1rio de Servi\u00e7os Urbanos &#8211; F\u00e1bio de Oliveira, e o Secret\u00e1rio de Obras e Infraestrutura &#8211; Heitor Kayamori, est\u00e3o percorrendo Minist\u00e9rios e tamb\u00e9m o Congresso Nacional em busca de benef\u00edcios para a cidade litor\u00e2nea.<\/p>\n\n\n\n<p>Nesta ter\u00e7a (02), o prefeito, juntamente com os secret\u00e1rios, realizaram uma visita ao Minist\u00e9rio do Turismo, onde conversaram com o assessor Jos\u00e9 Ivo Rolim, no sentido de viabilizar a constru\u00e7\u00e3o e continua\u00e7\u00e3o de importantes obras, como a passarela em Pontal do Sul, o andamento da pavimenta\u00e7\u00e3o da Avenida Anybal Khury, e tamb\u00e9m demais tratativas de capta\u00e7\u00e3o de recursos para infraestrutura tur\u00edstica.<\/p>\n\n\n\n<p>Para o prefeito, \u00e9 importante esse contato para conquistar benef\u00edcios para a popula\u00e7\u00e3o pontalense: \u201cEstamos em Bras\u00edlia dialogando com o Governo Federal e seus minist\u00e9rios, deputados federais, e senadores, no objetivo de captar recursos onde ser\u00e3o aplicados para diversas \u00e1reas.&#8221;<\/p>\n\n\n\n<p>Assessoria<\/p>\n","protected":false},"excerpt":{"rendered":"<p>O munic\u00edpio de Pontal do Paran\u00e1 est\u00e1 presente nesta semana em Bras\u00edlia, onde o prefeito Marcos Casquinha, o vice e Secret\u00e1rio de Servi\u00e7os Urbanos &#8211; F\u00e1bio de Oliveira, e o Secret\u00e1rio de Obras e Infraestrutura &#8211; Heitor Kayamori, est\u00e3o percorrendo Minist\u00e9rios e tamb\u00e9m o Congresso Nacional em busca de benef\u00edcios para a cidade litor\u00e2nea. Nesta [&hellip;]<\/p>\n","protected":false},"author":2,"featured_media":4219,"comment_status":"open","ping_status":"open","sticky":false,"template":"","format":"standard","meta":{"advanced_seo_description":"","jetpack_seo_html_title":"","jetpack_seo_noindex":false,"_jetpack_memberships_contains_paid_content":false,"footnotes":""},"categories":[40],"tags":[],"class_list":{"0":"post-4218","1":"post","2":"type-post","3":"status-publish","4":"format-standard","5":"has-post-thumbnail","7":"category-destaques"},"jetpack_featured_media_url":"https:\/\/www.paranapraia.com.br\/wp-content\/uploads\/2019\/04\/casca.jpg","jetpack_sharing_enabled":true,"_links":{"self":[{"href":"https:\/\/www.paranapraia.com.br\/index.php\/wp-json\/wp\/v2\/posts\/4218"}],"collection":[{"href":"https:\/\/www.paranapraia.com.br\/index.php\/wp-json\/wp\/v2\/posts"}],"about":[{"href":"https:\/\/www.paranapraia.com.br\/index.php\/wp-json\/wp\/v2\/types\/post"}],"author":[{"embeddable":true,"href":"https:\/\/www.paranapraia.com.br\/index.php\/wp-json\/wp\/v2\/users\/2"}],"replies":[{"embeddable":true,"href":"https:\/\/www.paranapraia.com.br\/index.php\/wp-json\/wp\/v2\/comments?post=4218"}],"version-history":[{"count":1,"href":"https:\/\/www.paranapraia.com.br\/index.php\/wp-json\/wp\/v2\/posts\/4218\/revisions"}],"predecessor-version":[{"id":4220,"href":"https:\/\/www.paranapraia.com.br\/index.php\/wp-json\/wp\/v2\/posts\/4218\/revisions\/4220"}],"wp:featuredmedia":[{"embeddable":true,"href":"https:\/\/www.paranapraia.com.br\/index.php\/wp-json\/wp\/v2\/media\/4219"}],"wp:attachment":[{"href":"https:\/\/www.paranapraia.com.br\/index.php\/wp-json\/wp\/v2\/media?parent=4218"}],"wp:term":[{"taxonomy":"category","embeddable":true,"href":"https:\/\/www.paranapraia.com.br\/index.php\/wp-json\/wp\/v2\/categories?post=4218"},{"taxonomy":"post_tag","embeddable":true,"href":"https:\/\/www.paranapraia.com.br\/index.php\/wp-json\/wp\/v2\/tags?post=4218"}],"curies":[{"name":"wp","href":"https:\/\/api.w.org\/{rel}","templated":true}]}}