{"id":4214,"date":"2019-04-03T09:22:18","date_gmt":"2019-04-03T12:22:18","guid":{"rendered":"https:\/\/www.paranapraia.com.br\/?p=4214"},"modified":"2019-04-03T09:22:19","modified_gmt":"2019-04-03T12:22:19","slug":"vamos-jogar-pesado-na-reforma-da-previdencia-diz-bolsonaro","status":"publish","type":"post","link":"https:\/\/www.paranapraia.com.br\/index.php\/2019\/04\/03\/vamos-jogar-pesado-na-reforma-da-previdencia-diz-bolsonaro\/","title":{"rendered":"&#8216;Vamos jogar pesado na reforma da Previd\u00eancia&#8217;, diz Bolsonaro"},"content":{"rendered":"\n<p>No \u00faltimo dia de viagem a Israel, o presidente Jair Bolsonaro disse nesta quarta-feira, 3, que o governo est\u00e1 empenhado na aprova\u00e7\u00e3o da reforma da Previd\u00eancia. Ele reiterou que est\u00e1 aberto ao di\u00e1logo e disse que nesta quinta-feira, 4, \u00e0s 8h30 come\u00e7a sua agenda de audi\u00eancias. Tamb\u00e9m afirmou que pode encontrar o presidente da C\u00e2mara, Rodrigo Maia (DEM-RJ), para conversar.<\/p>\n\n\n\n<p>&#8220;Vamos jogar pesado na [reforma da] Previd\u00eancia porque ela \u00e9 um marco; se der certo, temos tudo para fazer o Brasil decolar\u201d, disse Bolsonaro &nbsp;pouco antes de embarcar \u00e0s 6h (hor\u00e1rio de Bras\u00edlia) rumo ao Brasil. S\u00e3o cerca de 20 horas de voo. \u201cO Parlamento \u00e9 soberano para fazer polimentos e tirar alguma coisa.\u201d<\/p>\n\n\n\n<p>O presidente n\u00e3o detalhou que aspectos podem ser modificados ao longo das discuss\u00f5es no Congresso. Os parlamentares sinalizaram que devem alterar os pontos relativos ao Benef\u00edcio de Pagamento Continuado (BPC) e aos trabalhadores rurais.<\/p>\n\n\n\n<p>Bem-humorado, Bolsonaro usou express\u00f5es do futebol para sintetizar o processo da reforma da Previd\u00eancia. \u201cQuem vai bater o p\u00eanalti \u00e9 a C\u00e2mara, depois o Senado. N\u00f3s gostar\u00edamos que n\u00e3o tivesse mudan\u00e7as. Mas n\u00e3o existe projeto sem mudan\u00e7a\u201d, acrescentou. \u201cA boa Previd\u00eancia \u00e9 a que passa.\u201d<\/p>\n\n\n\n<p>DI\u00c1LOGO<\/p>\n\n\n\n<p>Bolsonaro disse estar disposto a encontrar o presidente da C\u00e2mara, Rodrigo Maia, (DEM-RJ), para conversar. Segundo ele, o governador de S\u00e3o Paulo, Jo\u00e3o Doria (PSDB), est\u00e1 preparando um jantar na sexta-feira (5). Mas afirmou que prefere um encontro em Bras\u00edlia por quest\u00e3o de sa\u00fade.<\/p>\n\n\n\n<p>&nbsp;\u201cEstou com 64 anos n\u00e3o d\u00e1 para ter uma batida dessas. Complica, de repente estou com problemas de sa\u00fade\u201d, disse. \u201cSou paraquedista e sei do desgaste que \u00e9 subir e saltar.\u201d<\/p>\n\n\n\n<p>DESEMPREGO<\/p>\n\n\n\n<p>O presidente confirmou que o ministro da Economia, Paulo Guedes, trabalha no texto de uma medida provis\u00f3ria (MP) para impulsionar a gera\u00e7\u00e3o de emprego. Por\u00e9m, n\u00e3o entrou em detalhes.<\/p>\n\n\n\n<p>Segundo Bolsonaro, o objetivo \u00e9 \u201ctirar o peso do Estado do empreendedor\u201d. O texto deve incluir medidas de desburocratiza\u00e7\u00e3o.<\/p>\n\n\n\n<p>ACORDOS<\/p>\n\n\n\n<p>O presidente reiterou os convites que recebeu para visitar os pa\u00edses \u00e1rabes, entre eles os Emirados \u00c1rabes. &#8220;Fui convidado por [representantes de] v\u00e1rios pa\u00edses \u00e1rabes [para visit\u00e1-los]. N\u00e3o estamos em situa\u00e7\u00e3o de buscar encrenca com ningu\u00e9m. Quero \u00e9 solu\u00e7\u00e3o.\u201d<\/p>\n\n\n\n<p>Bolsonaro disse que respeita os palestinos e o Estado de Israel, n\u00e3o concorda com a\u00e7\u00f5es terroristas, pois isso contraria seus princ\u00edpios.<\/p>\n\n\n\n<p>Na pr\u00f3xima semana, a ministra da Agricultura, Pecu\u00e1ria e Abastecimento, Teresa Cristina, marcou reuni\u00e3o com representantes de 51 pa\u00edses \u00e1rabes para conversar sobre com\u00e9rcio e economia.<\/p>\n\n\n\n<p>METAS<\/p>\n\n\n\n<p>Questionado se o governo federal cumprir\u00e1 as metas fixadas para os 100 dias, o presidente afirmou que a grande maioria vai ser atendida e o restante, parcialmente.<\/p>\n\n\n\n<p>&#8220;Mais de 90% ser\u00e3o atendidos, 10% ser\u00e3o parcialmente [atendidos]\u201d, disse ele, exemplificando com a pr\u00f3pria hist\u00f3ria. \u201cMeu plano deu certo, pois sa\u00ed do zero e hoje sou presidente.\u201d<\/p>\n\n\n\n<p>Em seguida, em tom de brincadeira lembrou o quanto \u00e9 pesado o cargo que exerce. \u201cEstou envelhecendo, a barra \u00e9 pesada.\u201d<\/p>\n\n\n\n<p>Ag\u00eancia Brasil<\/p>\n","protected":false},"excerpt":{"rendered":"<p>No \u00faltimo dia de viagem a Israel, o presidente Jair Bolsonaro disse nesta quarta-feira, 3, que o governo est\u00e1 empenhado na aprova\u00e7\u00e3o da reforma da Previd\u00eancia. Ele reiterou que est\u00e1 aberto ao di\u00e1logo e disse que nesta quinta-feira, 4, \u00e0s 8h30 come\u00e7a sua agenda de audi\u00eancias. Tamb\u00e9m afirmou que pode encontrar o presidente da C\u00e2mara, [&hellip;]<\/p>\n","protected":false},"author":2,"featured_media":4215,"comment_status":"open","ping_status":"open","sticky":false,"template":"","format":"standard","meta":{"advanced_seo_description":"","jetpack_seo_html_title":"","jetpack_seo_noindex":false,"_jetpack_memberships_contains_paid_content":false,"footnotes":""},"categories":[40],"tags":[],"class_list":{"0":"post-4214","1":"post","2":"type-post","3":"status-publish","4":"format-standard","5":"has-post-thumbnail","7":"category-destaques"},"jetpack_featured_media_url":"https:\/\/www.paranapraia.com.br\/wp-content\/uploads\/2019\/04\/bolso.jpg","jetpack_sharing_enabled":true,"_links":{"self":[{"href":"https:\/\/www.paranapraia.com.br\/index.php\/wp-json\/wp\/v2\/posts\/4214"}],"collection":[{"href":"https:\/\/www.paranapraia.com.br\/index.php\/wp-json\/wp\/v2\/posts"}],"about":[{"href":"https:\/\/www.paranapraia.com.br\/index.php\/wp-json\/wp\/v2\/types\/post"}],"author":[{"embeddable":true,"href":"https:\/\/www.paranapraia.com.br\/index.php\/wp-json\/wp\/v2\/users\/2"}],"replies":[{"embeddable":true,"href":"https:\/\/www.paranapraia.com.br\/index.php\/wp-json\/wp\/v2\/comments?post=4214"}],"version-history":[{"count":1,"href":"https:\/\/www.paranapraia.com.br\/index.php\/wp-json\/wp\/v2\/posts\/4214\/revisions"}],"predecessor-version":[{"id":4216,"href":"https:\/\/www.paranapraia.com.br\/index.php\/wp-json\/wp\/v2\/posts\/4214\/revisions\/4216"}],"wp:featuredmedia":[{"embeddable":true,"href":"https:\/\/www.paranapraia.com.br\/index.php\/wp-json\/wp\/v2\/media\/4215"}],"wp:attachment":[{"href":"https:\/\/www.paranapraia.com.br\/index.php\/wp-json\/wp\/v2\/media?parent=4214"}],"wp:term":[{"taxonomy":"category","embeddable":true,"href":"https:\/\/www.paranapraia.com.br\/index.php\/wp-json\/wp\/v2\/categories?post=4214"},{"taxonomy":"post_tag","embeddable":true,"href":"https:\/\/www.paranapraia.com.br\/index.php\/wp-json\/wp\/v2\/tags?post=4214"}],"curies":[{"name":"wp","href":"https:\/\/api.w.org\/{rel}","templated":true}]}}