{"id":4210,"date":"2019-04-03T09:20:32","date_gmt":"2019-04-03T12:20:32","guid":{"rendered":"https:\/\/www.paranapraia.com.br\/?p=4210"},"modified":"2019-04-03T09:20:33","modified_gmt":"2019-04-03T12:20:33","slug":"homem-e-morto-a-tiros-na-portelinha-em-guaratuba","status":"publish","type":"post","link":"https:\/\/www.paranapraia.com.br\/index.php\/2019\/04\/03\/homem-e-morto-a-tiros-na-portelinha-em-guaratuba\/","title":{"rendered":"Homem \u00e9 morto a tiros na Portelinha, em Guaratuba"},"content":{"rendered":"\n<p>Jair Diniz Junior, conhecido como &#8220;fio&#8221;de 20 anos, foi morto a tiros em Guaratuba.<\/p>\n\n\n\n<p>Segundo a Pol\u00edcia Militar, ele foi v\u00edtima de disparos de arma de fogo, por volta das 20h30 desta ter\u00e7a-feira (2). O rapaz foi encontrado morto pr\u00f3ximo a esquina das ruas Wenceslau Braz e Thiago Pedroso, na regi\u00e3o conhecida como portelinha, no bairro Cohapar II.<\/p>\n\n\n\n<p>De acordo com a pol\u00edcia, ele j\u00e1 teve problemas com a pol\u00edcia e j\u00e1 tinha sido alvo de tentativa de hom\u00edcidio em fevereiro deste ano.<\/p>\n\n\n\n<p>Correio do Litoral<\/p>\n","protected":false},"excerpt":{"rendered":"<p>Jair Diniz Junior, conhecido como &#8220;fio&#8221;de 20 anos, foi morto a tiros em Guaratuba. Segundo a Pol\u00edcia Militar, ele foi v\u00edtima de disparos de arma de fogo, por volta das 20h30 desta ter\u00e7a-feira (2). O rapaz foi encontrado morto pr\u00f3ximo a esquina das ruas Wenceslau Braz e Thiago Pedroso, na regi\u00e3o conhecida como portelinha, no [&hellip;]<\/p>\n","protected":false},"author":2,"featured_media":4211,"comment_status":"open","ping_status":"open","sticky":false,"template":"","format":"standard","meta":{"advanced_seo_description":"","jetpack_seo_html_title":"","jetpack_seo_noindex":false,"_jetpack_memberships_contains_paid_content":false,"footnotes":""},"categories":[40],"tags":[],"class_list":{"0":"post-4210","1":"post","2":"type-post","3":"status-publish","4":"format-standard","5":"has-post-thumbnail","7":"category-destaques"},"jetpack_featured_media_url":"https:\/\/www.paranapraia.com.br\/wp-content\/uploads\/2019\/04\/gurim.jpg","jetpack_sharing_enabled":true,"_links":{"self":[{"href":"https:\/\/www.paranapraia.com.br\/index.php\/wp-json\/wp\/v2\/posts\/4210"}],"collection":[{"href":"https:\/\/www.paranapraia.com.br\/index.php\/wp-json\/wp\/v2\/posts"}],"about":[{"href":"https:\/\/www.paranapraia.com.br\/index.php\/wp-json\/wp\/v2\/types\/post"}],"author":[{"embeddable":true,"href":"https:\/\/www.paranapraia.com.br\/index.php\/wp-json\/wp\/v2\/users\/2"}],"replies":[{"embeddable":true,"href":"https:\/\/www.paranapraia.com.br\/index.php\/wp-json\/wp\/v2\/comments?post=4210"}],"version-history":[{"count":1,"href":"https:\/\/www.paranapraia.com.br\/index.php\/wp-json\/wp\/v2\/posts\/4210\/revisions"}],"predecessor-version":[{"id":4212,"href":"https:\/\/www.paranapraia.com.br\/index.php\/wp-json\/wp\/v2\/posts\/4210\/revisions\/4212"}],"wp:featuredmedia":[{"embeddable":true,"href":"https:\/\/www.paranapraia.com.br\/index.php\/wp-json\/wp\/v2\/media\/4211"}],"wp:attachment":[{"href":"https:\/\/www.paranapraia.com.br\/index.php\/wp-json\/wp\/v2\/media?parent=4210"}],"wp:term":[{"taxonomy":"category","embeddable":true,"href":"https:\/\/www.paranapraia.com.br\/index.php\/wp-json\/wp\/v2\/categories?post=4210"},{"taxonomy":"post_tag","embeddable":true,"href":"https:\/\/www.paranapraia.com.br\/index.php\/wp-json\/wp\/v2\/tags?post=4210"}],"curies":[{"name":"wp","href":"https:\/\/api.w.org\/{rel}","templated":true}]}}