{"id":4200,"date":"2019-04-02T23:41:47","date_gmt":"2019-04-03T02:41:47","guid":{"rendered":"https:\/\/www.paranapraia.com.br\/?p=4200"},"modified":"2019-04-02T23:41:48","modified_gmt":"2019-04-03T02:41:48","slug":"governo-bolsonaro-o-que-o-presidente-negociou-em-israel-para-a-area-de-seguranca-publica","status":"publish","type":"post","link":"https:\/\/www.paranapraia.com.br\/index.php\/2019\/04\/02\/governo-bolsonaro-o-que-o-presidente-negociou-em-israel-para-a-area-de-seguranca-publica\/","title":{"rendered":"Governo Bolsonaro: o que o presidente negociou em Israel para a \u00e1rea de seguran\u00e7a p\u00fablica?"},"content":{"rendered":"\n<p>Ao aproximar-se de Israel, o governo brasileiro demonstra a expectativa de criar parcerias positivas para o futuro, especialmente em \u00e1reas como tecnologia de defesa e seguran\u00e7a p\u00fablica, nas quais os israelenses s\u00e3o vistos como refer\u00eancia.<\/p>\n\n\n\n<p>O presidente Jair Bolsonaro j\u00e1\u00a0<a href=\"https:\/\/www.bbc.com\/portuguese\/brasil-46940917\">disse, de olho em tais oportunidades, que pretende alterar medidas<\/a>\u00a0que restringem as importa\u00e7\u00f5es de armas e dificultam a instala\u00e7\u00e3o de novas empresas no Brasil.<\/p>\n\n\n\n<p>O aparente entusiasmo sobre a aproxima\u00e7\u00e3o com Israel vem tanto do governo federal quanto do governador do Rio, Wilson Witzel (PSC). Eleito com um discurso de repress\u00e3o ao crime similar ao de Bolsonaro, o governador chegou a viajar a Israel antes de tomar posse para conhecer produtos que poderiam vir a ser adotados pelas for\u00e7as de seguran\u00e7a fluminenses.<\/p>\n\n\n\n<p>Mas ser\u00e1 que, at\u00e9 agora, alguma parceria concreta em seguran\u00e7a j\u00e1 saiu dessa aproxima\u00e7\u00e3o? E o que pode mudar com a viagem do presidente a Israel?<\/p>\n\n\n\n<figure class=\"wp-block-image\"><img decoding=\"async\" src=\"https:\/\/ichef.bbci.co.uk\/news\/624\/cpsprodpb\/164AA\/production\/_106260319_befaeabb-95d4-4e64-b8a5-c42d75fed121.jpg\" alt=\"Soldados israelenses\"\/><figcaption>Image captionO presidente Jair Bolsonaro j\u00e1 disse que pretende alterar medidas que restringem as importa\u00e7\u00f5es de armas<\/figcaption><\/figure>\n\n\n\n<h2 class=\"wp-block-heading\">Acordos em defesa e seguran\u00e7a p\u00fablica<\/h2>\n\n\n\n<p>Os dois pa\u00edses firmaram acordos em alguns campos, entre eles, defesa e seguran\u00e7a p\u00fablica. Na avalia\u00e7\u00e3o do Itamaraty, eles representam uma mudan\u00e7a porque facilitam o emprego de recursos nos projetos de coopera\u00e7\u00e3o. Os novos acordos, diz a pasta, devem &#8220;permitir a aloca\u00e7\u00e3o de or\u00e7amento para execu\u00e7\u00e3o de atividades&#8221;.<\/p>\n\n\n\n<p>At\u00e9 o momento, h\u00e1 poucos detalhes sobre os efeitos pr\u00e1ticos das medidas.<\/p>\n\n\n\n<p>O acordo sobre seguran\u00e7a p\u00fablica tem o objetivo de &#8220;promover, desenvolver, otimizar e estreitar a coopera\u00e7\u00e3o e interc\u00e2mbio de informa\u00e7\u00f5es entre as Partes nas \u00e1reas de seguran\u00e7a p\u00fablica nacional,&nbsp;<em>inter alia<\/em>, preven\u00e7\u00e3o e combate ao crime organizado transnacional, em todas as suas formas&#8221;, diz o governo brasileiro.<\/p>\n\n\n\n<p>As \u00e1reas de coopera\u00e7\u00e3o citadas v\u00e3o de preven\u00e7\u00e3o de il\u00edcitos a pr\u00e1ticas de governan\u00e7a em situa\u00e7\u00f5es de crise ou emerg\u00eancia.<\/p>\n\n\n\n<p>Segundo o governo, devem ser identificadas iniciativas conjuntas, estabelecidos canais de comunica\u00e7\u00e3o, facilita\u00e7\u00e3o de interc\u00e2mbio t\u00e9cnico e capacita\u00e7\u00e3o de servidores.<\/p>\n\n\n\n<p>O acordo tamb\u00e9m determina que seja criado um grupo de trabalho para acompanhar o cumprimento das medidas.<\/p>\n\n\n\n<p>O jornal israelense Haaretz noticiou, nos \u00faltimos dias, que os dois pa\u00edses discutem a possibilidade de comprar drones de Israel. Nenhum compromisso foi firmado, no entanto.<\/p>\n\n\n\n<p>Em 2014, a For\u00e7a A\u00e9rea Brasileira (FAB) adquiriu uma unidade do drone Hermes 900, da israelense Elbit Systems.<\/p>\n\n\n\n<p>Com rela\u00e7\u00e3o \u00e0 \u00e1rea de defesa, o acordo pretende promover interc\u00e2mbio de conhecimento e tecnologia.<\/p>\n\n\n\n<p>O documento prev\u00ea a organiza\u00e7\u00e3o de eventos, visitas m\u00fatuas, participa\u00e7\u00f5es em cursos e aquisi\u00e7\u00e3o de materiais de defesa.<\/p>\n\n\n\n<p>Os dois pa\u00edses se comprometem a &#8220;encorajar sua Ind\u00fastria de Defesa a pesquisar projetos e equipamentos de interesse m\u00fatuo de ambas as Partes, com a finalidade de produ\u00e7\u00e3o e comercializa\u00e7\u00e3o&#8221;.<\/p>\n\n\n\n<p>Tamb\u00e9m devem &#8220;auxiliar na negocia\u00e7\u00e3o de licen\u00e7as, &#8216;royalties&#8217; e informa\u00e7\u00f5es t\u00e9cnicas, trocadas por suas respectivas ind\u00fastrias, quando necess\u00e1rio&#8221; e facilitar licen\u00e7as de exporta\u00e7\u00e3o.<\/p>\n\n\n\n<h2 class=\"wp-block-heading\">Vigil\u00e2ncia eletr\u00f4nica e drones que atiram?<\/h2>\n\n\n\n<p>A ida do governador do Rio a Israel, em dezembro de 2018, n\u00e3o teve resultados concretos at\u00e9 o momento, segundo sua assessoria de imprensa.<\/p>\n\n\n\n<p>Em entrevista ao jornal Folha de S.Paulo \u00e0 \u00e9poca, Witzel disse que seu principal interesse eram os sistemas de vigil\u00e2ncia eletr\u00f4nica desenvolvidos pelos israelenses. Segundo pessoas que acompanharam a viagem ouvidas pela BBC, tamb\u00e9m lhe foram apresentados aparelhos como um drone capaz de atirar.<\/p>\n\n\n\n<p>Witzel costuma dizer que bandidos devem ser &#8220;abatidos&#8221; se estiverem portando fuzis, algo que, no entanto, vem sendo alvo de questionamentos legais por especialistas.<\/p>\n\n\n\n<p>Ao jornal, o governador afirmou que esse tipo de drone ainda n\u00e3o est\u00e1 dispon\u00edvel para comercializa\u00e7\u00e3o e que seu interesse eram os sistemas de monitoramento.<\/p>\n\n\n\n<p>Segundo pessoas que participaram da viagem, o governador saiu das visitas &#8220;entusiasmado&#8221;, e com a promessa de que policiais israelenses dessem um treinamento aos colegas brasileiros, algo que ainda n\u00e3o se concretizou, segundo o governo.<\/p>\n\n\n\n<p>At\u00e9 o momento, n\u00e3o houve compra de drones ou qualquer outra tecnologia israelense, segundo a assessoria de imprensa do governo do Rio.<\/p>\n\n\n\n<p>O uso de drones, no entanto, n\u00e3o \u00e9 novidade no Rio.<\/p>\n\n\n\n<figure class=\"wp-block-image\"><img decoding=\"async\" src=\"https:\/\/ichef.bbci.co.uk\/news\/624\/cpsprodpb\/3012\/production\/_106260321_4c9bc313-9480-4a12-8aac-54d53c6ab24a.jpg\" alt=\"Drone\"\/><figcaption>Image captionDrone Hermes 900, da israelense Elbit Systems, comprado pela For\u00e7a A\u00e9rea Brasileira, em 2014<\/figcaption><\/figure>\n\n\n\n<p>Quando o Rio estava sob interven\u00e7\u00e3o militar, o Gabinete de Interven\u00e7\u00e3o Federal comprou 11 drones de monitoramento, todos de fabrica\u00e7\u00e3o brasileira.<\/p>\n\n\n\n<p>O uso \u00e9 permitido pela ANAC.<\/p>\n\n\n\n<p>Tramita no Congresso um projeto de lei de 2017 que regulamenta o uso de drones em seguran\u00e7a p\u00fablica. Ele permite o uso desse produto para investiga\u00e7\u00e3o e policialmento ostensivo e pro\u00edbe a ado\u00e7\u00e3o dos modelos com armamento ou aut\u00f4nomos. O projeto aguarda constitui\u00e7\u00e3o de comiss\u00e3o especial para ser apreciado.<\/p>\n\n\n\n<p>A Pol\u00edcia Militar diz que eles ser\u00e3o empregados para monitoramento e planejamento de a\u00e7\u00f5es contra o crime organizado, opera\u00e7\u00f5es de tr\u00e2nsito, planejamento e seguran\u00e7a de grandes eventos e aux\u00edlio ao policiamento ambiental.<\/p>\n\n\n\n<p>A Pol\u00edcia Civil afirma que ainda est\u00e1 desenvolvendo um protocolo de uso.<\/p>\n\n\n\n<p>A Secretaria de Estado de Administra\u00e7\u00e3o Penitenci\u00e1ria (Seap) afirma que j\u00e1 usa tr\u00eas drones em a\u00e7\u00f5es de fiscaliza\u00e7\u00e3o e na vigil\u00e2ncia de per\u00edmetro das unidades prisionais. &#8220;Tamb\u00e9m poder\u00e3o ser empregados na verifica\u00e7\u00e3o de poss\u00edveis amea\u00e7as no entorno dos pres\u00eddios e no monitoramento em tempo real de eventuais motins ou rebeli\u00f5es&#8221;, diz a pasta, em nota.<\/p>\n\n\n\n<p>O Corpo de Bombeiros diz que tamb\u00e9m usa drone em buscas e salvamentos.<\/p>\n\n\n\n<p>A gest\u00e3o Witzel segue interessada na compra de c\u00e2meras de reconhecimento facial. Unidades cedidas pela empresa Oi foram usadas em Copacabana durante o Carnaval. Segundo a assessoria do governo, ainda n\u00e3o foi definido de quem os produtos ser\u00e3o comprados.<\/p>\n\n\n\n<h2 class=\"wp-block-heading\">Outras importa\u00e7\u00f5es<\/h2>\n\n\n\n<p>Especialistas em seguran\u00e7a p\u00fablica ouvidos pela BBC News Brasil dizem que ainda \u00e9 cedo para dizer se haver\u00e1 uma mudan\u00e7a expressiva no perfil de importa\u00e7\u00e3o e exporta\u00e7\u00e3o de material de seguran\u00e7a entre os dois pa\u00edses.<\/p>\n\n\n\n<p>Segundo dados do instituto Sou da Paz, focado em seguran\u00e7a p\u00fablica, o Brasil historicamente importa mais produtos de defesa de Israel do que exporta.<\/p>\n\n\n\n<p>Em 2018, 0,2% das importa\u00e7\u00f5es de material b\u00e9lico e de defesa vieram de Israel. O pico de gastos desde 2010 foi em 2015, R$ 30 milh\u00f5es.<\/p>\n\n\n\n<p>Naquele ano, o governo de S\u00e3o Paulo comprou de Israel seis ve\u00edculos blindados, conhecidos como &#8220;caveir\u00f5es&#8221;, capazes de resistir a tiros de fuzil.<\/p>\n\n\n\n<figure class=\"wp-block-image\"><img decoding=\"async\" src=\"https:\/\/ichef.bbci.co.uk\/news\/624\/cpsprodpb\/7E32\/production\/_106260323_16a34513-b1c2-45a8-bf19-38bcdfd6d97a.jpg\" alt=\"Caveir\u00f5es\"\/><figcaption>Image captionEm 2015, o governo de S\u00e3o Paulo comprou de Israel seis ve\u00edculos blindados, conhecidos como &#8216;caveir\u00f5es&#8217;<\/figcaption><\/figure>\n\n\n\n<p>Especialistas apontam que h\u00e1 pouca transpar\u00eancia nos dados de importa\u00e7\u00e3o e exporta\u00e7\u00e3o de material b\u00e9lico. O Brasil, dizem, tem uma regulamenta\u00e7\u00e3o que permite dar sigilo a compras e vendas ligadas \u00e0 defesa.<\/p>\n\n\n\n<p>&#8220;O que vemos (de dados) \u00e9 parcial&#8221;, diz Nat\u00e1lia Pollachi, coordenadora de projetos do Sou da Paz.<\/p>\n\n\n\n<h2 class=\"wp-block-heading\">Quais seriam os resultados na pr\u00e1tica?<\/h2>\n\n\n\n<figure class=\"wp-block-image\"><img decoding=\"async\" src=\"https:\/\/ichef.bbci.co.uk\/news\/624\/cpsprodpb\/11A72\/production\/_106260327_da190ca2-4922-4a14-bf96-59500537e908.jpg\" alt=\"Jair Bolsonaro com arma\"\/><figcaption>Image captionEm Israel, Bolsonaro postou em rede social foto com arma israelense. Na legenda, defendia o decreto que assinou no in\u00edcio do ano, que aumenta o acesso \u00e0 posse de armas<\/figcaption><\/figure>\n\n\n\n<p>Especialistas em seguran\u00e7a p\u00fablica ouvidos pela BBC News Brasil afirmam que \u00e9 interessante para o Brasil a aquisi\u00e7\u00e3o de produtos israelenses que melhorem a capacidade de apura\u00e7\u00e3o de crimes e de planejamento, como sistemas de informa\u00e7\u00e3o e intelig\u00eancia. &#8220;N\u00e3o somos contra a venda de produtos militares. Isso faz parte do nosso aparato de defesa&#8221;, diz Nat\u00e1lia.<\/p>\n\n\n\n<p>O que n\u00e3o seria visto com bons olhos \u00e9 a hip\u00f3tese de um investimento excessivo em produtos ligados a armamentos, deixando de lado tecnologia de informa\u00e7\u00e3o.<\/p>\n\n\n\n<p>&#8220;O quanto faz sentido o Estado comprar blindados para incurs\u00e3o em comunidades? As maiores apreens\u00f5es de armas e drogas n\u00e3o se d\u00e3o em opera\u00e7\u00f5es de incurs\u00e3o, mas de intelig\u00eancia, planejamento. Tem muitas formas menos custosas e perigosas de lidar com seguran\u00e7a p\u00fablica&#8221;, diz a pesquisadora.<\/p>\n\n\n\n<p>BBC<\/p>\n","protected":false},"excerpt":{"rendered":"<p>Ao aproximar-se de Israel, o governo brasileiro demonstra a expectativa de criar parcerias positivas para o futuro, especialmente em \u00e1reas como tecnologia de defesa e seguran\u00e7a p\u00fablica, nas quais os israelenses s\u00e3o vistos como refer\u00eancia. O presidente Jair Bolsonaro j\u00e1\u00a0disse, de olho em tais oportunidades, que pretende alterar medidas\u00a0que restringem as importa\u00e7\u00f5es de armas e [&hellip;]<\/p>\n","protected":false},"author":2,"featured_media":4201,"comment_status":"open","ping_status":"open","sticky":false,"template":"","format":"standard","meta":{"advanced_seo_description":"","jetpack_seo_html_title":"","jetpack_seo_noindex":false,"_jetpack_memberships_contains_paid_content":false,"footnotes":""},"categories":[32],"tags":[],"class_list":{"0":"post-4200","1":"post","2":"type-post","3":"status-publish","4":"format-standard","5":"has-post-thumbnail","7":"category-politica"},"jetpack_featured_media_url":"https:\/\/www.paranapraia.com.br\/wp-content\/uploads\/2019\/04\/bozo.jpg","jetpack_sharing_enabled":true,"_links":{"self":[{"href":"https:\/\/www.paranapraia.com.br\/index.php\/wp-json\/wp\/v2\/posts\/4200"}],"collection":[{"href":"https:\/\/www.paranapraia.com.br\/index.php\/wp-json\/wp\/v2\/posts"}],"about":[{"href":"https:\/\/www.paranapraia.com.br\/index.php\/wp-json\/wp\/v2\/types\/post"}],"author":[{"embeddable":true,"href":"https:\/\/www.paranapraia.com.br\/index.php\/wp-json\/wp\/v2\/users\/2"}],"replies":[{"embeddable":true,"href":"https:\/\/www.paranapraia.com.br\/index.php\/wp-json\/wp\/v2\/comments?post=4200"}],"version-history":[{"count":1,"href":"https:\/\/www.paranapraia.com.br\/index.php\/wp-json\/wp\/v2\/posts\/4200\/revisions"}],"predecessor-version":[{"id":4202,"href":"https:\/\/www.paranapraia.com.br\/index.php\/wp-json\/wp\/v2\/posts\/4200\/revisions\/4202"}],"wp:featuredmedia":[{"embeddable":true,"href":"https:\/\/www.paranapraia.com.br\/index.php\/wp-json\/wp\/v2\/media\/4201"}],"wp:attachment":[{"href":"https:\/\/www.paranapraia.com.br\/index.php\/wp-json\/wp\/v2\/media?parent=4200"}],"wp:term":[{"taxonomy":"category","embeddable":true,"href":"https:\/\/www.paranapraia.com.br\/index.php\/wp-json\/wp\/v2\/categories?post=4200"},{"taxonomy":"post_tag","embeddable":true,"href":"https:\/\/www.paranapraia.com.br\/index.php\/wp-json\/wp\/v2\/tags?post=4200"}],"curies":[{"name":"wp","href":"https:\/\/api.w.org\/{rel}","templated":true}]}}