{"id":41904,"date":"2023-01-05T12:29:42","date_gmt":"2023-01-05T15:29:42","guid":{"rendered":"https:\/\/www.paranapraia.com.br\/?p=41904"},"modified":"2023-01-05T12:29:43","modified_gmt":"2023-01-05T15:29:43","slug":"estradas-no-parana-br-277-apresenta-congestionamento-nos-dois-sentidos","status":"publish","type":"post","link":"https:\/\/www.paranapraia.com.br\/index.php\/2023\/01\/05\/estradas-no-parana-br-277-apresenta-congestionamento-nos-dois-sentidos\/","title":{"rendered":"Estradas no Paran\u00e1: BR-277 apresenta congestionamento nos dois sentidos"},"content":{"rendered":"\n<p>A BR-277 apresenta trechos de congestionamento nesta quinta-feira (5), conforme a Pol\u00edcia Rodovi\u00e1ria Federal (PRF).<\/p>\n\n\n\n<p>No in\u00edcio da manh\u00e3, por volta das 9 horas, no sentido litoral uma fila de cinco quil\u00f4metros foi registrada, entre o trecho dos quil\u00f4metros 47 e 42. No sentido contr\u00e1rio, uma fila de oito quil\u00f4metros se formava entre os quil\u00f4metros 34 e 42.<\/p>\n\n\n\n<p>Na noite de quarta-feira (4), o trecho\u00a0chegou a registrar um congestionamento de 32 quil\u00f4metros\u00a0no sentido\u00a0Curitiba.<\/p>\n\n\n\n<p>Na BR-277, do km 39 ao km 41, quatro faixas est\u00e3o dispon\u00edveis para tr\u00e1fego durante o dia, dependendo das condi\u00e7\u00f5es clim\u00e1ticas. Do km 41 ao km 42 s\u00e3o duas faixas. Durante \u00e0 noite, as faixas diminuem.<\/p>\n\n\n\n<p>A BR-376, principal liga\u00e7\u00e3o entre Curitiba e\u00a0Florian\u00f3polis, continua com desvio em parte das pistas diante dos\u00a0estragos causados pelo deslizamento registrado na regi\u00e3o do km 669 da estrada, em novembro.<\/p>\n\n\n\n<p>Por volta das 9 horas desta quinta-feira, o trecho apresentava um congestionamento de 6 quil\u00f4metros no sentido Curitiba e tamb\u00e9m no sentido Santa Catarina.<\/p>\n\n\n\n<h2 class=\"wp-block-heading\">Estrada da Graciosa bloqueada<\/h2>\n\n\n\n<figure class=\"wp-block-image\"><img decoding=\"async\" src=\"https:\/\/s2.glbimg.com\/OylcZ0o2Dynx7sQBgzW0HEhTaa4=\/0x0:1280x854\/984x0\/smart\/filters:strip_icc()\/i.s3.glbimg.com\/v1\/AUTH_59edd422c0c84a879bd37670ae4f538a\/internal_photos\/bs\/2023\/t\/0\/HPIy31RD69T75EEeLPrw\/graciosa6-0.jpg\" alt=\"Estrada da Graciosa permanece fechada para avalia\u00e7\u00e3o de novos danos no pavimento \u2014 Foto: DER\"\/><\/figure>\n\n\n\n<p>Estrada da Graciosa permanece fechada para avalia\u00e7\u00e3o de novos danos no pavimento \u2014 Foto: DER<\/p>\n\n\n\n<p>A Estrada da Graciosa (PR-410), no litoral do estado, voltou a ser totalmente bloqueada na madrugada desta quarta-feira ap\u00f3s um novo deslizamento de terra no local.<\/p>\n\n\n\n<p>A queda foi registrada na noite de ter\u00e7a (3), quando j\u00e1 havia bloqueio parcial de tr\u00e1fego no local. Ningu\u00e9m ficou ferido.<\/p>\n\n\n\n<p>De acordo com a Pol\u00edcia Rodovi\u00e1ria Estadual (PRE), a retomada da interdi\u00e7\u00e3o ocorre entre os km 6 e 16 para limpeza da pista e retirada de material vegetal.<\/p>\n\n\n\n<p>O Governo do Paran\u00e1 informou que a\u00a0libera\u00e7\u00e3o da via depende da avalia\u00e7\u00e3o de t\u00e9cnicos do Departamento de Estradas de Rodagem (DER-PR).\u00a0Uma poss\u00edvel data ainda n\u00e3o foi divulgada.<\/p>\n\n\n\n<p>Conforme o governo, equipes est\u00e3o avaliando as condi\u00e7\u00f5es do pavimento da rodovia, a situa\u00e7\u00e3o e as medidas que ser\u00e3o necess\u00e1rias para garantir a seguran\u00e7a dos usu\u00e1rios.<\/p>\n\n\n\n<p>G1PR<\/p>\n","protected":false},"excerpt":{"rendered":"<p>A BR-277 apresenta trechos de congestionamento nesta quinta-feira (5), conforme a Pol\u00edcia Rodovi\u00e1ria Federal (PRF). No in\u00edcio da manh\u00e3, por volta das 9 horas, no sentido litoral uma fila de cinco quil\u00f4metros foi registrada, entre o trecho dos quil\u00f4metros 47 e 42. No sentido contr\u00e1rio, uma fila de oito quil\u00f4metros se formava entre os quil\u00f4metros [&hellip;]<\/p>\n","protected":false},"author":2,"featured_media":41905,"comment_status":"open","ping_status":"open","sticky":false,"template":"","format":"standard","meta":{"advanced_seo_description":"","jetpack_seo_html_title":"","jetpack_seo_noindex":false,"_jetpack_memberships_contains_paid_content":false,"footnotes":""},"categories":[40],"tags":[],"class_list":{"0":"post-41904","1":"post","2":"type-post","3":"status-publish","4":"format-standard","5":"has-post-thumbnail","7":"category-destaques"},"jetpack_featured_media_url":"https:\/\/www.paranapraia.com.br\/wp-content\/uploads\/2023\/01\/WhatsApp-Image-2023-01-05-at-12.25.31.jpeg","jetpack_sharing_enabled":true,"_links":{"self":[{"href":"https:\/\/www.paranapraia.com.br\/index.php\/wp-json\/wp\/v2\/posts\/41904"}],"collection":[{"href":"https:\/\/www.paranapraia.com.br\/index.php\/wp-json\/wp\/v2\/posts"}],"about":[{"href":"https:\/\/www.paranapraia.com.br\/index.php\/wp-json\/wp\/v2\/types\/post"}],"author":[{"embeddable":true,"href":"https:\/\/www.paranapraia.com.br\/index.php\/wp-json\/wp\/v2\/users\/2"}],"replies":[{"embeddable":true,"href":"https:\/\/www.paranapraia.com.br\/index.php\/wp-json\/wp\/v2\/comments?post=41904"}],"version-history":[{"count":1,"href":"https:\/\/www.paranapraia.com.br\/index.php\/wp-json\/wp\/v2\/posts\/41904\/revisions"}],"predecessor-version":[{"id":41906,"href":"https:\/\/www.paranapraia.com.br\/index.php\/wp-json\/wp\/v2\/posts\/41904\/revisions\/41906"}],"wp:featuredmedia":[{"embeddable":true,"href":"https:\/\/www.paranapraia.com.br\/index.php\/wp-json\/wp\/v2\/media\/41905"}],"wp:attachment":[{"href":"https:\/\/www.paranapraia.com.br\/index.php\/wp-json\/wp\/v2\/media?parent=41904"}],"wp:term":[{"taxonomy":"category","embeddable":true,"href":"https:\/\/www.paranapraia.com.br\/index.php\/wp-json\/wp\/v2\/categories?post=41904"},{"taxonomy":"post_tag","embeddable":true,"href":"https:\/\/www.paranapraia.com.br\/index.php\/wp-json\/wp\/v2\/tags?post=41904"}],"curies":[{"name":"wp","href":"https:\/\/api.w.org\/{rel}","templated":true}]}}