{"id":41901,"date":"2023-01-05T12:00:54","date_gmt":"2023-01-05T15:00:54","guid":{"rendered":"https:\/\/www.paranapraia.com.br\/?p=41901"},"modified":"2023-01-05T12:00:54","modified_gmt":"2023-01-05T15:00:54","slug":"agencia-do-trabalhador-de-curitiba-e-exercito-brasileiro-farao-mutirao-de-vagas-para-jovens","status":"publish","type":"post","link":"https:\/\/www.paranapraia.com.br\/index.php\/2023\/01\/05\/agencia-do-trabalhador-de-curitiba-e-exercito-brasileiro-farao-mutirao-de-vagas-para-jovens\/","title":{"rendered":"Ag\u00eancia do Trabalhador de Curitiba e Ex\u00e9rcito Brasileiro far\u00e3o mutir\u00e3o de vagas para jovens"},"content":{"rendered":"\n<p>Jovens que cumpriram o servi\u00e7o militar obrigat\u00f3rio em 2022 e deixar\u00e3o o Ex\u00e9rcito Brasileiro podem ingressar diretamente no mercado de trabalho com apoio do Governo do Paran\u00e1. Ser\u00e1 realizado um novo \u201cMutir\u00e3o For\u00e7a de Trabalho Militar &#8211; 1\u00aa Baixa\u201d para atender eles e os militares tempor\u00e1rios que est\u00e3o com seus contratos na imin\u00eancia de terminar.<\/p>\n\n\n\n<p>A a\u00e7\u00e3o \u00e9 realizada desde 2022 em dois per\u00edodos do ano e \u00e9 fruto de uma parceria da Secretaria de Estado de Trabalho, Qualifica\u00e7\u00e3o e Renda do Governo do Estado com o Comando da 5\u00aa Divis\u00e3o de Ex\u00e9rcito.<\/p>\n\n\n\n<p>A a\u00e7\u00e3o ocorrer\u00e1 nos dias 9, 10 e 11 de janeiro, das 8h \u00e0s 12h. A Ag\u00eancia do Trabalhador de Curitiba levar\u00e1 aos quart\u00e9is 15 empresas com 1.200 vagas dispon\u00edveis para o perfil dos militares. Cada institui\u00e7\u00e3o far\u00e1 a apresenta\u00e7\u00e3o das oportunidades e cada candidato escolher\u00e1 em qual delas tem interesse de participar da entrevista.<\/p>\n\n\n\n<p>Segundo Mauro Moraes, secret\u00e1rio de&nbsp;Trabalho, Qualifica\u00e7\u00e3o e Renda, a a\u00e7\u00e3o vai aproximar jovens das milhares de vagas dispon\u00edveis na Capital e Regi\u00e3o. \u201cAs vagas ofertadas nos quart\u00e9is s\u00e3o selecionadas de acordo com a idade e o perfil do p\u00fablico, bem como o interesse das empresas participantes. Caso o militar n\u00e3o encontre uma vaga, ele integrar\u00e1 o banco de dados da Ag\u00eancia do Trabalhador em todo o Estado\u201d, afirmou.&nbsp;\u201cEsses jovens que est\u00e3o deixando o servi\u00e7o militar, s\u00e3o pessoas extremamente comprometidas, direcionados por boa educa\u00e7\u00e3o e disciplina, um perfil que agrada a muitas empresas\u201d.<\/p>\n\n\n\n<p>O \u201cMutir\u00e3o For\u00e7a de Trabalho Militar &#8211; 1\u00aa Baixa\u201d ocorrer\u00e1 nas instala\u00e7\u00f5es do 5\u00ba Grupo de Artilharia de Campanha Autopropulsado, do 20\u00ba Batalh\u00e3o de Infantaria Blindado e do Forte do Pinheirinho. Essa \u00e9 a primeira edi\u00e7\u00e3o de 2023, tendo como foco a baixa dos militares, que ser\u00e1 realizada no dia 13 de janeiro. A expectativa \u00e9 de reunir mais de 600 participantes.<\/p>\n\n\n\n<p><strong>Servi\u00e7o:<\/strong><\/p>\n\n\n\n<p><strong>Data: 09 de janeiro (segunda-feira)<\/strong><\/p>\n\n\n\n<p>Local: 5\u00ba GAC AP Boqueir\u00e3o<\/p>\n\n\n\n<p>Endere\u00e7o: Rua Mal. Floriano Peixoto, 9190<\/p>\n\n\n\n<p>Hor\u00e1rio: 08h \u00e0s 12h<\/p>\n\n\n\n<p><strong>Data:10 de janeiro (ter\u00e7a-feira)<\/strong><\/p>\n\n\n\n<p>Local: 20\u00ba Batalh\u00e3o de Infantaria, Bacacheri<\/p>\n\n\n\n<p>Endere\u00e7o: Av. Erasto Gaertner, 598<\/p>\n\n\n\n<p>Hor\u00e1rio: 08h \u00e0s 12h<\/p>\n\n\n\n<p><strong>Data: 11 de janeiro (quarta-feira)<\/strong><\/p>\n\n\n\n<p>Local: 5\u00ba Comando Pinheirinho<\/p>\n\n\n\n<p>Endere\u00e7o: Rua 31 de Mar\u00e7o s\/n<\/p>\n\n\n\n<p>Hor\u00e1rio: 08h \u00e0s 12h<\/p>\n\n\n\n<p>AEN<\/p>\n","protected":false},"excerpt":{"rendered":"<p>Jovens que cumpriram o servi\u00e7o militar obrigat\u00f3rio em 2022 e deixar\u00e3o o Ex\u00e9rcito Brasileiro podem ingressar diretamente no mercado de trabalho com apoio do Governo do Paran\u00e1. Ser\u00e1 realizado um novo \u201cMutir\u00e3o For\u00e7a de Trabalho Militar &#8211; 1\u00aa Baixa\u201d para atender eles e os militares tempor\u00e1rios que est\u00e3o com seus contratos na imin\u00eancia de terminar. [&hellip;]<\/p>\n","protected":false},"author":2,"featured_media":41902,"comment_status":"open","ping_status":"open","sticky":false,"template":"","format":"standard","meta":{"advanced_seo_description":"","jetpack_seo_html_title":"","jetpack_seo_noindex":false,"_jetpack_memberships_contains_paid_content":false,"footnotes":""},"categories":[35],"tags":[],"class_list":{"0":"post-41901","1":"post","2":"type-post","3":"status-publish","4":"format-standard","5":"has-post-thumbnail","7":"category-economia"},"jetpack_featured_media_url":"https:\/\/www.paranapraia.com.br\/wp-content\/uploads\/2023\/01\/005.jpg","jetpack_sharing_enabled":true,"_links":{"self":[{"href":"https:\/\/www.paranapraia.com.br\/index.php\/wp-json\/wp\/v2\/posts\/41901"}],"collection":[{"href":"https:\/\/www.paranapraia.com.br\/index.php\/wp-json\/wp\/v2\/posts"}],"about":[{"href":"https:\/\/www.paranapraia.com.br\/index.php\/wp-json\/wp\/v2\/types\/post"}],"author":[{"embeddable":true,"href":"https:\/\/www.paranapraia.com.br\/index.php\/wp-json\/wp\/v2\/users\/2"}],"replies":[{"embeddable":true,"href":"https:\/\/www.paranapraia.com.br\/index.php\/wp-json\/wp\/v2\/comments?post=41901"}],"version-history":[{"count":1,"href":"https:\/\/www.paranapraia.com.br\/index.php\/wp-json\/wp\/v2\/posts\/41901\/revisions"}],"predecessor-version":[{"id":41903,"href":"https:\/\/www.paranapraia.com.br\/index.php\/wp-json\/wp\/v2\/posts\/41901\/revisions\/41903"}],"wp:featuredmedia":[{"embeddable":true,"href":"https:\/\/www.paranapraia.com.br\/index.php\/wp-json\/wp\/v2\/media\/41902"}],"wp:attachment":[{"href":"https:\/\/www.paranapraia.com.br\/index.php\/wp-json\/wp\/v2\/media?parent=41901"}],"wp:term":[{"taxonomy":"category","embeddable":true,"href":"https:\/\/www.paranapraia.com.br\/index.php\/wp-json\/wp\/v2\/categories?post=41901"},{"taxonomy":"post_tag","embeddable":true,"href":"https:\/\/www.paranapraia.com.br\/index.php\/wp-json\/wp\/v2\/tags?post=41901"}],"curies":[{"name":"wp","href":"https:\/\/api.w.org\/{rel}","templated":true}]}}