{"id":41898,"date":"2023-01-05T10:50:56","date_gmt":"2023-01-05T13:50:56","guid":{"rendered":"https:\/\/www.paranapraia.com.br\/?p=41898"},"modified":"2023-01-05T10:50:58","modified_gmt":"2023-01-05T13:50:58","slug":"brinquedos-feitos-em-unidades-prisionais-sao-doados-para-criancas-de-instituicoes-do-litoral","status":"publish","type":"post","link":"https:\/\/www.paranapraia.com.br\/index.php\/2023\/01\/05\/brinquedos-feitos-em-unidades-prisionais-sao-doados-para-criancas-de-instituicoes-do-litoral\/","title":{"rendered":"Brinquedos feitos em unidades prisionais s\u00e3o doados para crian\u00e7as de institui\u00e7\u00f5es do Litoral"},"content":{"rendered":"\n<p>Brinquedos produzidos por pessoas privadas de liberdade nos canteiros de costura e artesanato de unidades penitenci\u00e1rias do Paran\u00e1, geralmente destinados a escolas p\u00fablicas, entidades e hospitais, foram doados nesta quarta-feira (04) durante o\u00a0<a href=\"https:\/\/www.aen.pr.gov.br\/Noticia\/Exposicao-no-Litoral-apresenta-forcas-de-seguranca-e-servicos-populacao\">evento Litoral Cidad\u00e3o, em Matinhos<\/a>. A feira itinerante que integra o Ver\u00e3o Maior Paran\u00e1 ocorrer\u00e1 \u00e0s quartas-feiras para aproximar as for\u00e7as de seguran\u00e7a da popula\u00e7\u00e3o e levar servi\u00e7os.<\/p>\n\n\n\n<p>Os brinquedos s\u00e3o produzidos durante o ano todo, com a m\u00e3o de obra dos presos, e revertidos diretamente para a sociedade.<\/p>\n\n\n\n<p>Dos brinquedos confeccionados, 120 s\u00e3o bonecos de croch\u00ea (amigurumis) que vieram da Cadeia P\u00fablica de Ponta Grossa Hildebrando de Souza. Os itens foram produzidos por dez detentos no canteiro de artesanato.<\/p>\n\n\n\n<p> O projeto \u00e9 mantido com recursos do Conselho da Comunidade.<\/p>\n\n\n\n<p>O coordenador Regional de Ponta Grossa, Mauricio Ferracini, falou sobre destina\u00e7\u00e3o destes itens. \u201cTodos os amigurumi desenvolvidos durante o ano s\u00e3o destinados a crian\u00e7as carentes de hospitais da nossa regi\u00e3o, para a Associa\u00e7\u00e3o de Pais e Amigos dos Excepcionais (APAEs) da cidade e para o N\u00facleo Promocional Pequeno Anjo, que atende crian\u00e7as em situa\u00e7\u00f5es de fragilidade. E, durante o ver\u00e3o, destinamos essas produ\u00e7\u00f5es para ajudar nas doa\u00e7\u00f5es realizadas pela Pol\u00edcia Penal do Paran\u00e1\u201d, comenta.<\/p>\n\n\n\n<p>Nos canteiros de trabalho implementados na Penitenci\u00e1ria Industrial Marcelo Pinheiro \u2013 Unidade de Progress\u00e3o em Cascavel, no Oeste do Estado, tamb\u00e9m foram fabricadas 450 bichos de pel\u00facia e 100 bonecas de fuxico, por 32 detentos, para contribuir com o Ver\u00e3o Maior Paran\u00e1.<\/p>\n\n\n\n<p>O diretor da unidade, \u00c1lvaro Marcelo Alegrette, explica como os projetos s\u00e3o desenvolvidos, muitos deles, tamb\u00e9m, com recursos do Conselho da Comunidade. \u201cO projeto das pel\u00facias foi iniciado em fevereiro de 2022 para agregar as atividades do canteiro de costura onde j\u00e1 ocorria a produ\u00e7\u00e3o das bonecas de fuxico.<\/p>\n\n\n\n<p> Os insumos, tecidos e fibra utilizados nas produ\u00e7\u00f5es dos brinquedos, s\u00e3o materiais que seriam descartados pela ind\u00fastria t\u00eaxtil, que s\u00e3o doados para os nossos projetos, e assim conseguimos reutiliz\u00e1-los\u201d, comenta. <\/p>\n\n\n\n<p>A olicial penal respons\u00e1vel pelos projetos da unidade, Suzana Backes, refor\u00e7a que as atividades nos canteiros impactam na vida de cada participante do projeto. <\/p>\n\n\n\n<p>\u201cAs a\u00e7\u00f5es que realizamos na penitenci\u00e1ria possuem um efeito positivo tanto nos apenados que trabalham diretamente nas produ\u00e7\u00f5es dos canteiros, quanto nas pessoas envolvidas no processo que contribuem, de alguma forma, para levar alegria para quem recebe as doa\u00e7\u00f5es\u201d, complementa.<\/p>\n\n\n\n<p>AEN<\/p>\n","protected":false},"excerpt":{"rendered":"<p>Brinquedos produzidos por pessoas privadas de liberdade nos canteiros de costura e artesanato de unidades penitenci\u00e1rias do Paran\u00e1, geralmente destinados a escolas p\u00fablicas, entidades e hospitais, foram doados nesta quarta-feira (04) durante o\u00a0evento Litoral Cidad\u00e3o, em Matinhos. A feira itinerante que integra o Ver\u00e3o Maior Paran\u00e1 ocorrer\u00e1 \u00e0s quartas-feiras para aproximar as for\u00e7as de seguran\u00e7a [&hellip;]<\/p>\n","protected":false},"author":2,"featured_media":41899,"comment_status":"open","ping_status":"open","sticky":false,"template":"","format":"standard","meta":{"advanced_seo_description":"","jetpack_seo_html_title":"","jetpack_seo_noindex":false,"_jetpack_memberships_contains_paid_content":false,"footnotes":""},"categories":[40],"tags":[],"class_list":{"0":"post-41898","1":"post","2":"type-post","3":"status-publish","4":"format-standard","5":"has-post-thumbnail","7":"category-destaques"},"jetpack_featured_media_url":"https:\/\/www.paranapraia.com.br\/wp-content\/uploads\/2023\/01\/whatsapp_image_2022-12-20_at_17.45.09.jpg","jetpack_sharing_enabled":true,"_links":{"self":[{"href":"https:\/\/www.paranapraia.com.br\/index.php\/wp-json\/wp\/v2\/posts\/41898"}],"collection":[{"href":"https:\/\/www.paranapraia.com.br\/index.php\/wp-json\/wp\/v2\/posts"}],"about":[{"href":"https:\/\/www.paranapraia.com.br\/index.php\/wp-json\/wp\/v2\/types\/post"}],"author":[{"embeddable":true,"href":"https:\/\/www.paranapraia.com.br\/index.php\/wp-json\/wp\/v2\/users\/2"}],"replies":[{"embeddable":true,"href":"https:\/\/www.paranapraia.com.br\/index.php\/wp-json\/wp\/v2\/comments?post=41898"}],"version-history":[{"count":1,"href":"https:\/\/www.paranapraia.com.br\/index.php\/wp-json\/wp\/v2\/posts\/41898\/revisions"}],"predecessor-version":[{"id":41900,"href":"https:\/\/www.paranapraia.com.br\/index.php\/wp-json\/wp\/v2\/posts\/41898\/revisions\/41900"}],"wp:featuredmedia":[{"embeddable":true,"href":"https:\/\/www.paranapraia.com.br\/index.php\/wp-json\/wp\/v2\/media\/41899"}],"wp:attachment":[{"href":"https:\/\/www.paranapraia.com.br\/index.php\/wp-json\/wp\/v2\/media?parent=41898"}],"wp:term":[{"taxonomy":"category","embeddable":true,"href":"https:\/\/www.paranapraia.com.br\/index.php\/wp-json\/wp\/v2\/categories?post=41898"},{"taxonomy":"post_tag","embeddable":true,"href":"https:\/\/www.paranapraia.com.br\/index.php\/wp-json\/wp\/v2\/tags?post=41898"}],"curies":[{"name":"wp","href":"https:\/\/api.w.org\/{rel}","templated":true}]}}