{"id":4188,"date":"2019-04-02T22:31:48","date_gmt":"2019-04-03T01:31:48","guid":{"rendered":"https:\/\/www.paranapraia.com.br\/?p=4188"},"modified":"2019-04-02T22:31:50","modified_gmt":"2019-04-03T01:31:50","slug":"policia-investiga-creche-particular-de-curitiba-por-supostos-maus-tratos-contra-criancas","status":"publish","type":"post","link":"https:\/\/www.paranapraia.com.br\/index.php\/2019\/04\/02\/policia-investiga-creche-particular-de-curitiba-por-supostos-maus-tratos-contra-criancas\/","title":{"rendered":"Pol\u00edcia investiga creche particular de Curitiba por supostos maus-tratos contra crian\u00e7as"},"content":{"rendered":"\n<h4 class=\"wp-block-heading\">Nucria confirmou que diversas pessoas est\u00e3o sendo ouvidas<\/h4>\n\n\n\n<p>O N\u00facleo de Prote\u00e7\u00e3o \u00e0 Crian\u00e7a e ao Adolescente (Nucria), da Pol\u00edcia Civil, investiga uma creche particular de Curitiba por supostos maus-tratos contra crian\u00e7as. De acordo com den\u00fancias que vieram \u00e0 tona nesta ter\u00e7a-feira (2), a institui\u00e7\u00e3o fica localizada no bairro \u00c1gua Verde e as agress\u00f5es contra os pequenos teriam partido at\u00e9 mesmo pela propriet\u00e1ria do local.<\/p>\n\n\n\n<p>Uma m\u00e3e de duas crian\u00e7as que estudavam no local at\u00e9 poucos meses atr\u00e1s, de 4 e 6 anos, comentou que nunca teve suspeitas de qualquer comportamento inadequado no local. \u201cOs pais de crian\u00e7as matriculadas atualmente na creche se reuniram no fim de semana e tiveram acesso a v\u00eddeos que mostrariam os maus-tratos. H\u00e1 informa\u00e7\u00f5es de tapas na boca e tentativa de for\u00e7ar crian\u00e7as a dormir por meio de sufocamento\u201d, comentou, optando por n\u00e3o se identificar.<\/p>\n\n\n\n<p>Como a investiga\u00e7\u00e3o envolve crian\u00e7as, corre em segredo. \u00c0 Banda B, por\u00e9m, a Pol\u00edcia Civil confirmou que diversas pessoas est\u00e3o sendo ouvidas.<\/p>\n\n\n\n<p>Para a m\u00e3e que conversou com a Banda B, \u00e9 at\u00e9 dif\u00edcil acreditar no ocorrido. \u201cA gente fica descrente, porque confiamos o nosso bem mais precioso a esse local e, no nada, passamos a ser assombrados por essa situa\u00e7\u00e3o\u201d, lamentou.<\/p>\n\n\n\n<p>A reportagem entrou em contato com a creche envolvida e aguarda retorno.<\/p>\n\n\n\n<p>BandaB<\/p>\n","protected":false},"excerpt":{"rendered":"<p>Nucria confirmou que diversas pessoas est\u00e3o sendo ouvidas O N\u00facleo de Prote\u00e7\u00e3o \u00e0 Crian\u00e7a e ao Adolescente (Nucria), da Pol\u00edcia Civil, investiga uma creche particular de Curitiba por supostos maus-tratos contra crian\u00e7as. De acordo com den\u00fancias que vieram \u00e0 tona nesta ter\u00e7a-feira (2), a institui\u00e7\u00e3o fica localizada no bairro \u00c1gua Verde e as agress\u00f5es contra [&hellip;]<\/p>\n","protected":false},"author":2,"featured_media":4189,"comment_status":"open","ping_status":"open","sticky":false,"template":"","format":"standard","meta":{"advanced_seo_description":"","jetpack_seo_html_title":"","jetpack_seo_noindex":false,"_jetpack_memberships_contains_paid_content":false,"footnotes":""},"categories":[42],"tags":[],"class_list":{"0":"post-4188","1":"post","2":"type-post","3":"status-publish","4":"format-standard","5":"has-post-thumbnail","7":"category-cidades"},"jetpack_featured_media_url":"https:\/\/www.paranapraia.com.br\/wp-content\/uploads\/2019\/04\/sic.jpg","jetpack_sharing_enabled":true,"_links":{"self":[{"href":"https:\/\/www.paranapraia.com.br\/index.php\/wp-json\/wp\/v2\/posts\/4188"}],"collection":[{"href":"https:\/\/www.paranapraia.com.br\/index.php\/wp-json\/wp\/v2\/posts"}],"about":[{"href":"https:\/\/www.paranapraia.com.br\/index.php\/wp-json\/wp\/v2\/types\/post"}],"author":[{"embeddable":true,"href":"https:\/\/www.paranapraia.com.br\/index.php\/wp-json\/wp\/v2\/users\/2"}],"replies":[{"embeddable":true,"href":"https:\/\/www.paranapraia.com.br\/index.php\/wp-json\/wp\/v2\/comments?post=4188"}],"version-history":[{"count":1,"href":"https:\/\/www.paranapraia.com.br\/index.php\/wp-json\/wp\/v2\/posts\/4188\/revisions"}],"predecessor-version":[{"id":4190,"href":"https:\/\/www.paranapraia.com.br\/index.php\/wp-json\/wp\/v2\/posts\/4188\/revisions\/4190"}],"wp:featuredmedia":[{"embeddable":true,"href":"https:\/\/www.paranapraia.com.br\/index.php\/wp-json\/wp\/v2\/media\/4189"}],"wp:attachment":[{"href":"https:\/\/www.paranapraia.com.br\/index.php\/wp-json\/wp\/v2\/media?parent=4188"}],"wp:term":[{"taxonomy":"category","embeddable":true,"href":"https:\/\/www.paranapraia.com.br\/index.php\/wp-json\/wp\/v2\/categories?post=4188"},{"taxonomy":"post_tag","embeddable":true,"href":"https:\/\/www.paranapraia.com.br\/index.php\/wp-json\/wp\/v2\/tags?post=4188"}],"curies":[{"name":"wp","href":"https:\/\/api.w.org\/{rel}","templated":true}]}}