{"id":4180,"date":"2019-04-02T22:24:18","date_gmt":"2019-04-03T01:24:18","guid":{"rendered":"https:\/\/www.paranapraia.com.br\/?p=4180"},"modified":"2019-04-02T22:24:19","modified_gmt":"2019-04-03T01:24:19","slug":"aumentam-casos-de-dengue-no-parana","status":"publish","type":"post","link":"https:\/\/www.paranapraia.com.br\/index.php\/2019\/04\/02\/aumentam-casos-de-dengue-no-parana\/","title":{"rendered":"Aumentam casos de dengue no Paran\u00e1"},"content":{"rendered":"\n<p>A Secretaria de Estado da Sa\u00fade anunciou, nesta ter\u00e7a-feira (2), o aumento de casos de dengue no Paran\u00e1 com 2.023 casos confirmados, contra 1.522 da semana passada. O aumento \u00e9 de 501 casos registrados.<\/p>\n\n\n\n<p>Dos casos confirmados, 1.926 s\u00e3o aut\u00f3ctones, adquiridos no munic\u00edpio de origem, e 97 s\u00e3o \u201cimportados&#8221;, ou seja, as pessoas contra\u00edram a doen\u00e7a fora da cidade onde residem.<\/p>\n\n\n\n<p>\u201cO combate ao mosquito transmissor da dengue segue em todas as regi\u00f5es. A Secretaria est\u00e1 ampliando a vigil\u00e2ncia para a elimina\u00e7\u00e3o de focos e criadouros do Aedes aegypti. Estamos nos reunindo com prefeitos para a defini\u00e7\u00e3o de estrat\u00e9gias diferenciadas para os munic\u00edpios\u201d, afirmou o secret\u00e1rio Beto Preto.<\/p>\n\n\n\n<p>Al\u00e9m do fumac\u00ea, reuni\u00f5es com moradores para orienta\u00e7\u00f5es e mutir\u00f5es de limpeza, as equipes da Secretaria estendem a busca em cisternas e fossas abandonadas.<\/p>\n\n\n\n<p>As condi\u00e7\u00f5es de infesta\u00e7\u00e3o no Paran\u00e1 atingem 82,45%, com ocorr\u00eancias em 329 munic\u00edpios. O Laborat\u00f3rio de Climatologia da Universidade Federal do Paran\u00e1 informa que o per\u00edodo do outono ainda continua favor\u00e1vel \u00e0 prolifera\u00e7\u00e3o no mosquito.<\/p>\n\n\n\n<p>Dez munic\u00edpios est\u00e3o em situa\u00e7\u00e3o de epidemia: Lupion\u00f3polis, Francisco Alves, Ura\u00ed, Japur\u00e1, Itamb\u00e9, Santa Mariana, Rancho Alegre, Cafeara, Moreira Sales e Santo Ant\u00f4nio do Para\u00edso.<\/p>\n\n\n\n<p>Em situa\u00e7\u00e3o de alerta para a dengue est\u00e3o as cidades de Abati\u00e1, Alvorada do Sul, Anah\u00ed, Le\u00f3polis, Capanema, Andir\u00e1 e Nova Londrina.<\/p>\n\n\n\n<h2 class=\"wp-block-heading\">Recomenda\u00e7\u00f5es&nbsp;<\/h2>\n\n\n\n<p>A dengue \u00e9 uma doen\u00e7a infecciosa causada por um v\u00edrus transmitido pela picada do Aedes aegypti, mosquito que se prolifera em dep\u00f3sitos de \u00e1gua parada e lixo acumulado.<\/p>\n\n\n\n<p>O Aedes aegypti tamb\u00e9m \u00e9 transmissor da chikungunya, com 343 notifica\u00e7\u00f5es e 7 casos confirmados no estado, e da Zika, com 171 notifica\u00e7\u00f5es e 2 casos confirmados.<\/p>\n\n\n\n<p>Colabora\u00e7\u00e3o AEN<\/p>\n","protected":false},"excerpt":{"rendered":"<p>A Secretaria de Estado da Sa\u00fade anunciou, nesta ter\u00e7a-feira (2), o aumento de casos de dengue no Paran\u00e1 com 2.023 casos confirmados, contra 1.522 da semana passada. O aumento \u00e9 de 501 casos registrados. Dos casos confirmados, 1.926 s\u00e3o aut\u00f3ctones, adquiridos no munic\u00edpio de origem, e 97 s\u00e3o \u201cimportados&#8221;, ou seja, as pessoas contra\u00edram a [&hellip;]<\/p>\n","protected":false},"author":2,"featured_media":4181,"comment_status":"open","ping_status":"open","sticky":false,"template":"","format":"standard","meta":{"advanced_seo_description":"","jetpack_seo_html_title":"","jetpack_seo_noindex":false,"_jetpack_memberships_contains_paid_content":false,"footnotes":""},"categories":[50],"tags":[],"class_list":{"0":"post-4180","1":"post","2":"type-post","3":"status-publish","4":"format-standard","5":"has-post-thumbnail","7":"category-saude"},"jetpack_featured_media_url":"https:\/\/www.paranapraia.com.br\/wp-content\/uploads\/2019\/04\/dengue.jpg","jetpack_sharing_enabled":true,"_links":{"self":[{"href":"https:\/\/www.paranapraia.com.br\/index.php\/wp-json\/wp\/v2\/posts\/4180"}],"collection":[{"href":"https:\/\/www.paranapraia.com.br\/index.php\/wp-json\/wp\/v2\/posts"}],"about":[{"href":"https:\/\/www.paranapraia.com.br\/index.php\/wp-json\/wp\/v2\/types\/post"}],"author":[{"embeddable":true,"href":"https:\/\/www.paranapraia.com.br\/index.php\/wp-json\/wp\/v2\/users\/2"}],"replies":[{"embeddable":true,"href":"https:\/\/www.paranapraia.com.br\/index.php\/wp-json\/wp\/v2\/comments?post=4180"}],"version-history":[{"count":1,"href":"https:\/\/www.paranapraia.com.br\/index.php\/wp-json\/wp\/v2\/posts\/4180\/revisions"}],"predecessor-version":[{"id":4182,"href":"https:\/\/www.paranapraia.com.br\/index.php\/wp-json\/wp\/v2\/posts\/4180\/revisions\/4182"}],"wp:featuredmedia":[{"embeddable":true,"href":"https:\/\/www.paranapraia.com.br\/index.php\/wp-json\/wp\/v2\/media\/4181"}],"wp:attachment":[{"href":"https:\/\/www.paranapraia.com.br\/index.php\/wp-json\/wp\/v2\/media?parent=4180"}],"wp:term":[{"taxonomy":"category","embeddable":true,"href":"https:\/\/www.paranapraia.com.br\/index.php\/wp-json\/wp\/v2\/categories?post=4180"},{"taxonomy":"post_tag","embeddable":true,"href":"https:\/\/www.paranapraia.com.br\/index.php\/wp-json\/wp\/v2\/tags?post=4180"}],"curies":[{"name":"wp","href":"https:\/\/api.w.org\/{rel}","templated":true}]}}