{"id":4169,"date":"2019-04-02T22:16:01","date_gmt":"2019-04-03T01:16:01","guid":{"rendered":"https:\/\/www.paranapraia.com.br\/?p=4169"},"modified":"2019-04-02T22:16:02","modified_gmt":"2019-04-03T01:16:02","slug":"empresario-e-morto-com-tiros-de-calibre-12-e-adolescente-de-15-anos-fica-ferida","status":"publish","type":"post","link":"https:\/\/www.paranapraia.com.br\/index.php\/2019\/04\/02\/empresario-e-morto-com-tiros-de-calibre-12-e-adolescente-de-15-anos-fica-ferida\/","title":{"rendered":"Empres\u00e1rio \u00e9 morto com tiros de calibre 12 e adolescente de 15 anos fica ferida"},"content":{"rendered":"\n<p>Um jovem empres\u00e1rio dono de um a\u00e7ougue em Rio Branco do Sul, na regi\u00e3o metropolitana de Curitiba, foi&nbsp;<a href=\"https:\/\/www.redemassa.com.br\/primeiro-impacto-pr-90\/2019\/04\/02\/empresario-e-morto-com-tiros-de-espingarda-e-adolescente-fica-ferida-50550\/v\/\" rel=\"noreferrer noopener\" target=\"_blank\">brutalmente assassinado com tiros de espingarda calibre 12 na noite desta segunda-feira (1).<\/a>&nbsp;Fabio Jose Machado Rodrigues, 26 anos, estava em seu ve\u00edculo Saveiro com uma adolescente de 15 anos na Rua Everlindo Costa Rosa, quando foi surpreendido por um homem com uma calibre 12 que efetuou quatro disparos. Os tiros atingiram a cabe\u00e7a de Fabio que morreu na hora. Ainda n\u00e3o se sabe se o ve\u00edculo de Fabio estava em movimento ou estacionado no momento dos disparos.<\/p>\n\n\n\n<p>Socorristas foram acionados e prestaram atendimento \u00e0 adolescente que foi encaminhada ao Hospital do Trabalhador com dois ferimentos que atingiram o bra\u00e7o e o ombro da jovem. Em seguida os atiradores fugiram em um matagal que d\u00e1 acesso a outra rua.<\/p>\n\n\n\n<p>O crime \u00e9 cercado de mist\u00e9rio, pois Fabio era casado e sua esposa estava em casa gr\u00e1vida aguardando ele chegar. Os familiares de Fabio n\u00e3o sabem quem \u00e9 a adolescente que estava com ele no carro e porque estava com ele no ve\u00edculo. Amigos relataram que Fabio era um rapaz trabalhador, honesto e que nunca se envolveu com coisas erradas.<\/p>\n\n\n\n<p>A Delegacia de Rio Branco do Sul deve investigar o caso. O corpo de Fabio foi encaminhado ao Instituto M\u00e9dico Legal de Curitiba.<\/p>\n","protected":false},"excerpt":{"rendered":"<p>Um jovem empres\u00e1rio dono de um a\u00e7ougue em Rio Branco do Sul, na regi\u00e3o metropolitana de Curitiba, foi&nbsp;brutalmente assassinado com tiros de espingarda calibre 12 na noite desta segunda-feira (1).&nbsp;Fabio Jose Machado Rodrigues, 26 anos, estava em seu ve\u00edculo Saveiro com uma adolescente de 15 anos na Rua Everlindo Costa Rosa, quando foi surpreendido por [&hellip;]<\/p>\n","protected":false},"author":2,"featured_media":4170,"comment_status":"open","ping_status":"open","sticky":false,"template":"","format":"standard","meta":{"advanced_seo_description":"","jetpack_seo_html_title":"","jetpack_seo_noindex":false,"_jetpack_memberships_contains_paid_content":false,"footnotes":""},"categories":[33],"tags":[],"class_list":{"0":"post-4169","1":"post","2":"type-post","3":"status-publish","4":"format-standard","5":"has-post-thumbnail","7":"category-policia"},"jetpack_featured_media_url":"https:\/\/www.paranapraia.com.br\/wp-content\/uploads\/2019\/04\/12.jpg","jetpack_sharing_enabled":true,"_links":{"self":[{"href":"https:\/\/www.paranapraia.com.br\/index.php\/wp-json\/wp\/v2\/posts\/4169"}],"collection":[{"href":"https:\/\/www.paranapraia.com.br\/index.php\/wp-json\/wp\/v2\/posts"}],"about":[{"href":"https:\/\/www.paranapraia.com.br\/index.php\/wp-json\/wp\/v2\/types\/post"}],"author":[{"embeddable":true,"href":"https:\/\/www.paranapraia.com.br\/index.php\/wp-json\/wp\/v2\/users\/2"}],"replies":[{"embeddable":true,"href":"https:\/\/www.paranapraia.com.br\/index.php\/wp-json\/wp\/v2\/comments?post=4169"}],"version-history":[{"count":1,"href":"https:\/\/www.paranapraia.com.br\/index.php\/wp-json\/wp\/v2\/posts\/4169\/revisions"}],"predecessor-version":[{"id":4171,"href":"https:\/\/www.paranapraia.com.br\/index.php\/wp-json\/wp\/v2\/posts\/4169\/revisions\/4171"}],"wp:featuredmedia":[{"embeddable":true,"href":"https:\/\/www.paranapraia.com.br\/index.php\/wp-json\/wp\/v2\/media\/4170"}],"wp:attachment":[{"href":"https:\/\/www.paranapraia.com.br\/index.php\/wp-json\/wp\/v2\/media?parent=4169"}],"wp:term":[{"taxonomy":"category","embeddable":true,"href":"https:\/\/www.paranapraia.com.br\/index.php\/wp-json\/wp\/v2\/categories?post=4169"},{"taxonomy":"post_tag","embeddable":true,"href":"https:\/\/www.paranapraia.com.br\/index.php\/wp-json\/wp\/v2\/tags?post=4169"}],"curies":[{"name":"wp","href":"https:\/\/api.w.org\/{rel}","templated":true}]}}