{"id":4165,"date":"2019-04-02T22:04:25","date_gmt":"2019-04-03T01:04:25","guid":{"rendered":"https:\/\/www.paranapraia.com.br\/?p=4165"},"modified":"2019-04-02T22:04:25","modified_gmt":"2019-04-03T01:04:25","slug":"gost-localiza-corpo-de-homem-que-morreu-afogado-no-parque-nautico","status":"publish","type":"post","link":"https:\/\/www.paranapraia.com.br\/index.php\/2019\/04\/02\/gost-localiza-corpo-de-homem-que-morreu-afogado-no-parque-nautico\/","title":{"rendered":"Gost localiza corpo de homem que morreu afogado no Parque N\u00e1utico"},"content":{"rendered":"\n<p>Foi localizado na tarde desta ter\u00e7a-feira (02) o corpo de um homem que&nbsp;<a href=\"https:\/\/massanews.com\/noticias\/plantao\/homem-se-afoga-no-parque-nautico-oWMJa.html\" rel=\"noreferrer noopener\" target=\"_blank\">morreu afogado no lago do Parque N\u00e1utico<\/a>, no bairro Boqueir\u00e3o, em Curitiba.<\/p>\n\n\n\n<p>Equipes do Grupo de Opera\u00e7\u00f5es de Socorro T\u00e1tico (Gost), do Corpo de Bombeiros, trabalhavam no local desde a segunda-feira (1\u00ba). As buscas foram encerradas com a chegada da noite por quest\u00f5es de seguran\u00e7a.<\/p>\n\n\n\n<p>Foram necess\u00e1rios mais dois turnos quase completos (uma manh\u00e3 e mais da metade de uma tarde) de buscas subaqu\u00e1ticas para localizar a v\u00edtima.<\/p>\n\n\n\n<p>O corpo foi recolhido junto ao Instituto M\u00e9dico-Legal (IML). A prov\u00e1vel fam\u00edlia da v\u00edtima j\u00e1 havia reclamado o desaparecimento ainda na segunda-feira (1\u00ba).<\/p>\n\n\n\n<h2 class=\"wp-block-heading\">Testemunha relata comportamento estranho<\/h2>\n\n\n\n<p>\u201cOu ele estava fugindo de algu\u00e9m, ou algu\u00e9m estava perseguindo ele\u201d, contou uma testemunha em entrevista \u00e0 Rede Massa.<\/p>\n\n\n\n<p>A testemunha estava meditando no gramado pr\u00f3ximo \u00e0 margem e relatou que, antes do acidente, a v\u00edtima conversou com outro homem, que passou pelo local de bicicleta. \u201cDepois ele come\u00e7ou a tirar a roupa e come\u00e7ou a correr de um lado para o outro apenas de bermuda. Na sequ\u00eancia ele pulou no lago e nadou por cerca de dois minutos, at\u00e9 se afogar\u201d, completou.<\/p>\n\n\n\n<p>Massa News<\/p>\n","protected":false},"excerpt":{"rendered":"<p>Foi localizado na tarde desta ter\u00e7a-feira (02) o corpo de um homem que&nbsp;morreu afogado no lago do Parque N\u00e1utico, no bairro Boqueir\u00e3o, em Curitiba. Equipes do Grupo de Opera\u00e7\u00f5es de Socorro T\u00e1tico (Gost), do Corpo de Bombeiros, trabalhavam no local desde a segunda-feira (1\u00ba). As buscas foram encerradas com a chegada da noite por quest\u00f5es [&hellip;]<\/p>\n","protected":false},"author":2,"featured_media":4166,"comment_status":"open","ping_status":"open","sticky":false,"template":"","format":"standard","meta":{"advanced_seo_description":"","jetpack_seo_html_title":"","jetpack_seo_noindex":false,"_jetpack_memberships_contains_paid_content":false,"footnotes":""},"categories":[40],"tags":[],"class_list":{"0":"post-4165","1":"post","2":"type-post","3":"status-publish","4":"format-standard","5":"has-post-thumbnail","7":"category-destaques"},"jetpack_featured_media_url":"https:\/\/www.paranapraia.com.br\/wp-content\/uploads\/2019\/04\/corpo.jpeg","jetpack_sharing_enabled":true,"_links":{"self":[{"href":"https:\/\/www.paranapraia.com.br\/index.php\/wp-json\/wp\/v2\/posts\/4165"}],"collection":[{"href":"https:\/\/www.paranapraia.com.br\/index.php\/wp-json\/wp\/v2\/posts"}],"about":[{"href":"https:\/\/www.paranapraia.com.br\/index.php\/wp-json\/wp\/v2\/types\/post"}],"author":[{"embeddable":true,"href":"https:\/\/www.paranapraia.com.br\/index.php\/wp-json\/wp\/v2\/users\/2"}],"replies":[{"embeddable":true,"href":"https:\/\/www.paranapraia.com.br\/index.php\/wp-json\/wp\/v2\/comments?post=4165"}],"version-history":[{"count":1,"href":"https:\/\/www.paranapraia.com.br\/index.php\/wp-json\/wp\/v2\/posts\/4165\/revisions"}],"predecessor-version":[{"id":4167,"href":"https:\/\/www.paranapraia.com.br\/index.php\/wp-json\/wp\/v2\/posts\/4165\/revisions\/4167"}],"wp:featuredmedia":[{"embeddable":true,"href":"https:\/\/www.paranapraia.com.br\/index.php\/wp-json\/wp\/v2\/media\/4166"}],"wp:attachment":[{"href":"https:\/\/www.paranapraia.com.br\/index.php\/wp-json\/wp\/v2\/media?parent=4165"}],"wp:term":[{"taxonomy":"category","embeddable":true,"href":"https:\/\/www.paranapraia.com.br\/index.php\/wp-json\/wp\/v2\/categories?post=4165"},{"taxonomy":"post_tag","embeddable":true,"href":"https:\/\/www.paranapraia.com.br\/index.php\/wp-json\/wp\/v2\/tags?post=4165"}],"curies":[{"name":"wp","href":"https:\/\/api.w.org\/{rel}","templated":true}]}}