{"id":4161,"date":"2019-04-02T22:01:46","date_gmt":"2019-04-03T01:01:46","guid":{"rendered":"https:\/\/www.paranapraia.com.br\/?p=4161"},"modified":"2019-04-02T22:01:46","modified_gmt":"2019-04-03T01:01:46","slug":"motociclista-morre-ao-ser-atingida-por-motorista-bebado-homem-foi-preso","status":"publish","type":"post","link":"https:\/\/www.paranapraia.com.br\/index.php\/2019\/04\/02\/motociclista-morre-ao-ser-atingida-por-motorista-bebado-homem-foi-preso\/","title":{"rendered":"Motociclista morre ao ser atingida por motorista b\u00eabado; homem foi preso"},"content":{"rendered":"\n<p>Uma mulher, de 26 anos, morreu em um acidente grave registrado na noite desta ter\u00e7a-feira (2), na BR-116, no bairro Cajuru, em Curitiba, na pista sentido Colombo. A situa\u00e7\u00e3o aconteceu pouco antes das 20h. O motorista envolvido na colis\u00e3o estava embriagado, foi preso e encaminhado para a delegacia.<\/p>\n\n\n\n<p>A v\u00edtima pilotava uma moto, quando foi atingida por um autom\u00f3vel. De acordo com o relato de uma testemunha, o motorista do carro dirigia em zigue-zague e estava em alta velocidade, aparentemente 120 km\/h. O popular ainda disse que o homem teria jogado o carro em cima da motociclista.<\/p>\n\n\n\n<p>A mulher n\u00e3o resistiu aos ferimentos e morreu no local. O corpo ser\u00e1 encaminhado para o Instituto M\u00e9dico Legal (IML).<\/p>\n\n\n\n<p>A Pol\u00edcia Rodovi\u00e1ria Federal (PRF) foi acionada para dar apoio na ocorr\u00eancia e o motorista foi submetido ao teste do baf\u00f4metro, que deu resultado positivo para o consumo de \u00e1lcool. Com 0,57 miligramas de \u00e1lcool por litro de ar expelido, o homem foi preso pela PRF por embriaguez ao volante e encaminhado para a Delegacia de Delitos de Tr\u00e2nsito (DEDETRAN).<\/p>\n\n\n\n<p>Colabora\u00e7\u00e3o Bruna Froehner\/ Rede Massa<\/p>\n","protected":false},"excerpt":{"rendered":"<p>Uma mulher, de 26 anos, morreu em um acidente grave registrado na noite desta ter\u00e7a-feira (2), na BR-116, no bairro Cajuru, em Curitiba, na pista sentido Colombo. A situa\u00e7\u00e3o aconteceu pouco antes das 20h. O motorista envolvido na colis\u00e3o estava embriagado, foi preso e encaminhado para a delegacia. A v\u00edtima pilotava uma moto, quando foi [&hellip;]<\/p>\n","protected":false},"author":2,"featured_media":4162,"comment_status":"open","ping_status":"open","sticky":false,"template":"","format":"standard","meta":{"advanced_seo_description":"","jetpack_seo_html_title":"","jetpack_seo_noindex":false,"_jetpack_memberships_contains_paid_content":false,"footnotes":""},"categories":[40],"tags":[],"class_list":{"0":"post-4161","1":"post","2":"type-post","3":"status-publish","4":"format-standard","5":"has-post-thumbnail","7":"category-destaques"},"jetpack_featured_media_url":"https:\/\/www.paranapraia.com.br\/wp-content\/uploads\/2019\/04\/moto.jpeg","jetpack_sharing_enabled":true,"_links":{"self":[{"href":"https:\/\/www.paranapraia.com.br\/index.php\/wp-json\/wp\/v2\/posts\/4161"}],"collection":[{"href":"https:\/\/www.paranapraia.com.br\/index.php\/wp-json\/wp\/v2\/posts"}],"about":[{"href":"https:\/\/www.paranapraia.com.br\/index.php\/wp-json\/wp\/v2\/types\/post"}],"author":[{"embeddable":true,"href":"https:\/\/www.paranapraia.com.br\/index.php\/wp-json\/wp\/v2\/users\/2"}],"replies":[{"embeddable":true,"href":"https:\/\/www.paranapraia.com.br\/index.php\/wp-json\/wp\/v2\/comments?post=4161"}],"version-history":[{"count":1,"href":"https:\/\/www.paranapraia.com.br\/index.php\/wp-json\/wp\/v2\/posts\/4161\/revisions"}],"predecessor-version":[{"id":4163,"href":"https:\/\/www.paranapraia.com.br\/index.php\/wp-json\/wp\/v2\/posts\/4161\/revisions\/4163"}],"wp:featuredmedia":[{"embeddable":true,"href":"https:\/\/www.paranapraia.com.br\/index.php\/wp-json\/wp\/v2\/media\/4162"}],"wp:attachment":[{"href":"https:\/\/www.paranapraia.com.br\/index.php\/wp-json\/wp\/v2\/media?parent=4161"}],"wp:term":[{"taxonomy":"category","embeddable":true,"href":"https:\/\/www.paranapraia.com.br\/index.php\/wp-json\/wp\/v2\/categories?post=4161"},{"taxonomy":"post_tag","embeddable":true,"href":"https:\/\/www.paranapraia.com.br\/index.php\/wp-json\/wp\/v2\/tags?post=4161"}],"curies":[{"name":"wp","href":"https:\/\/api.w.org\/{rel}","templated":true}]}}