{"id":4151,"date":"2019-04-02T14:00:44","date_gmt":"2019-04-02T17:00:44","guid":{"rendered":"https:\/\/www.paranapraia.com.br\/?p=4151"},"modified":"2019-04-02T14:01:18","modified_gmt":"2019-04-02T17:01:18","slug":"1-em-cada-3-professores-brasileiros-esta-com-depressao-diz-pesquisa","status":"publish","type":"post","link":"https:\/\/www.paranapraia.com.br\/index.php\/2019\/04\/02\/1-em-cada-3-professores-brasileiros-esta-com-depressao-diz-pesquisa\/","title":{"rendered":"1 em cada 3 professores brasileiros est\u00e1 com depress\u00e3o, diz pesquisa"},"content":{"rendered":"\n<p>Uma pesquisa divulgada pela Globonews afirmou que o n\u00famero de professores de escolas estaduais afastados por transtornos mentais ou comportamentais quase dobrou entre 2015 e 2016. De acordo com a apura\u00e7\u00e3o no ano de 2015, cerca de 25.849 professores apresentaram algum tipo de transtorno psiqui\u00e1trico desde moderado a grave. Em 2016 esse n\u00fameros chegou a 50.046. No ano de 2017, at\u00e9 setembro, houve 27.082 afastamentos de docentes. O receio quanto ao futuro como docente \u00e9 dos gatilhos ao desencadeamento de transtornos mentais graves do tipo depress\u00e3o, transtorno bipolar, crises de ansiedade e s\u00edndrome do p\u00e2nico. Dentre estes, o mais grave \u00e9 a depress\u00e3o, pois mais de 90% das pessoas que optaram pelo suic\u00eddio apresentaram quadros agudos de depress\u00e3o.<\/p>\n\n\n\n<p>A depress\u00e3o \u00e9 a Sindrome Amotivacional:&nbsp;<a href=\"https:\/\/www.portalraizes.com\/1depressao-um-sentimento-de-falta-de-sentido-para-tudo\/\" target=\"_blank\" rel=\"noreferrer noopener\">uma falta de sentido para tudo<\/a>.<br>No Brasil atinge 11 milh\u00f5es de pessoas, quase 6% da popula\u00e7\u00e3o. \u00c9 o n\u00famero 1 com maior preval\u00eancia da doen\u00e7a na Am\u00e9rica Latina, o 2 nas Am\u00e9ricas, ficando atr\u00e1s apenas dos estados unidos.<\/p>\n\n\n\n<p>Mas \u00e9 preciso diferenciar tristeza passageira de depress\u00e3o. A depress\u00e3o precisa ser diagnosticada por um profissional, a princ\u00edpio por um psic\u00f3logo que ao diagnosticar como um quadro grave de depress\u00e3o encaminhar\u00e1 para um psiquiatra. Nenhum outro m\u00e9dio, al\u00e9m do psiquiatra deve receitar antidepressivos. Nenhum.<\/p>\n\n\n\n<p><strong>Por que precisamos urgentemente nos preocupar com a sa\u00fade mental dos professores e lutarmos por pol\u00edticas p\u00fablicas que priorizam a educa\u00e7\u00e3o?<\/strong><\/p>\n\n\n\n<p>Outra pesquisa realizada pela Organiza\u00e7\u00e3o para a Coopera\u00e7\u00e3o e Desenvolvimento Econ\u00f4mico (<a href=\"https:\/\/www.oecd.org\/\" target=\"_blank\" rel=\"noreferrer noopener\">OCDE<\/a>) com mais de 100 mil professores e diretores de escolas do segundo ciclo de ensino fundamental revela que o Brasil \u00e9 o pa\u00eds que tem o maior \u00edndice de viol\u00eancia contra professores.<\/p>\n\n\n\n<p>A enquete foi feita com 34 pa\u00edses e constatou que 12,5% dos professores brasileiros j\u00e1 foram v\u00edtimas de agress\u00f5es verbais ou intimida\u00e7\u00e3o de alunos pelo menos uma vez na semana.<\/p>\n\n\n\n<p>Outro pesquisa denominada Trabalho Docente na Educa\u00e7\u00e3o B\u00e1sica do Brasil revela que depress\u00e3o, ansiedade, nervosismo e estresse s\u00e3o algumas das principais causas que levam ao afastamentos de professores. Em declara\u00e7\u00e3o a Confedera\u00e7\u00e3o Nacional dos Trabalhadores da Educa\u00e7\u00e3o (CNTE) afirma que a categoria sofre muito estresse devido \u00e0 quantidade de alunos em sala de aula, baixa remunera\u00e7\u00e3o e pelas m\u00e1s condi\u00e7\u00f5es de trabalho.<\/p>\n\n\n\n<p>O estudo revelou ainda que 59% dos educadores com depress\u00e3o n\u00e3o t\u00eam acompanhamento m\u00e9dico regular. Para o diretor da Apeoesp em&nbsp;Araraquara&nbsp;(SP), o excesso de trabalho \u00e9 um dos vil\u00f5es. \u201cA maioria dos professores tem dupla ou tripla jornada de trabalho, muitas vezes ultrapassando 11 horas de trabalho com aluno e isso certamente n\u00e3o \u00e9 recomend\u00e1vel\u201d, afirmou Ariolvaldo de Camargo.<\/p>\n\n\n\n<p>Ele diz que as condi\u00e7\u00f5es de trabalho tamb\u00e9m prejudicam a sa\u00fade do docente. \u201cA press\u00e3o que o professor sofre no dia a dia dentro da sala de aula \u00e9 muito grande. As nossas escolas mais parecem verdadeiros pres\u00eddios, porque est\u00e3o todas cheias de grades e telas, e esse evidentemente n\u00e3o \u00e9 um ambiente adequado para que se possa desenvolver um processo de ensino-aprendizagem\u201d, analisou Camargo.<\/p>\n\n\n\n<p><strong>1 em cada 3 professores brasileiros desenvolve depress\u00e3o devido \u00e0s press\u00f5es do trabalho<\/strong><\/p>\n\n\n\n<p>O estudo foi realizado entre outubro de 2015 e maio de 2016 com 755 professores de todos os n\u00edveis de ensino da rede privada em todo o Rio Grande do Sul. Confira alguns resultados:<\/p>\n\n\n\n<p>\u2014&nbsp;As doen\u00e7as s\u00e3o desencadeadas por conflitos nas rela\u00e7\u00f5es, longa e exaustiva jornada de trabalho, diversidade e complexidade das atividades, dificuldades inerentes \u00e0s rela\u00e7\u00f5es em sala de aula, desvaloriza\u00e7\u00e3o salarial, progressiva desqualifica\u00e7\u00e3o e escasso reconhecimento social do trabalho de professor.<br>\u2014&nbsp;Antes da depress\u00e3o ser verificada, \u00e9 comum a presen\u00e7a de sofrimentos ps\u00edquicos e mal-estares, como ins\u00f4nia, fadiga, irritabilidade, esquecimento, dificuldade de concentra\u00e7\u00e3o e queixas som\u00e1ticas.<br>\u2014&nbsp;Entre 2009 e 2013, somaram-se 2,1 mil aux\u00edlios-doen\u00e7a e\/ou aposentadorias por invalidez concedidas na regi\u00e3o Sul do Brasil, que representam 62% entre os afastamentos por adoecimento mental.<br>\u2014&nbsp;Os sintomas que caracterizam o diagn\u00f3stico da depress\u00e3o incluem a presen\u00e7a de humor deprimido quase todos os dias e durante a maior parte do dia, acarretando em choros, sentimento de vazio, agita\u00e7\u00e3o e\/ou diminui\u00e7\u00e3o da energia e pensamento e idea\u00e7\u00e3o suicida.<br>\u2014&nbsp;No ano que vem, na terceira etapa da pesquisa, ser\u00e1 publicado um livro direcionado n\u00e3o somente aos professores, mas a toda a sociedade.<\/p>\n\n\n\n<p><strong>Perfil dos entrevistados<\/strong><\/p>\n\n\n\n<p>\u2014 Mulheres (70,1%), Homens (29,9%).<br>\u2014&nbsp;Casados ou com uni\u00e3o est\u00e1vel (66,4%).<br>\u2014&nbsp;Faixa et\u00e1ria: entre 18 e 72 anos.z Tempo de exerc\u00edcio profissional: de um a 52 anos.<br>\u2014&nbsp;Tempo de trabalho na institui\u00e7\u00e3o atual: de um a 43 anos.<br>\u2014&nbsp;Carga hor\u00e1ria semanal: entre quatro e 60 horas.<br>\u2014&nbsp;Renda mensal da maioria: de um a tr\u00eas sal\u00e1rios m\u00ednimos (26,9%) e de cinco a oito sal\u00e1rios m\u00ednimos (26,2%).<\/p>\n\n\n\n<p>Sintomas de riscos iminentes de depress\u00e3o s\u00e3o: ins\u00f4nia ou dormem demais, sofrimento intenso, angustia, vontade de chorar a qualquer momento, des\u00e2nimo, falta de vontade de fazer atividades recreativas, se isolando, se cortando ou se queimando, falta de apetite extrema.\u00a0 \u00c9 claro que, uma vez ou outra, todos n\u00f3s apresentamos alguns desses sintomas, mas \u00e9 preciso observar a const\u00e2ncia desses sintomas.<\/p>\n\n\n\n<p>Portal Raizes<\/p>\n","protected":false},"excerpt":{"rendered":"<p>Uma pesquisa divulgada pela Globonews afirmou que o n\u00famero de professores de escolas estaduais afastados por transtornos mentais ou comportamentais quase dobrou entre 2015 e 2016. De acordo com a apura\u00e7\u00e3o no ano de 2015, cerca de 25.849 professores apresentaram algum tipo de transtorno psiqui\u00e1trico desde moderado a grave. Em 2016 esse n\u00fameros chegou a [&hellip;]<\/p>\n","protected":false},"author":2,"featured_media":4152,"comment_status":"open","ping_status":"open","sticky":false,"template":"","format":"standard","meta":{"advanced_seo_description":"","jetpack_seo_html_title":"","jetpack_seo_noindex":false,"_jetpack_memberships_contains_paid_content":false,"footnotes":""},"categories":[43],"tags":[],"class_list":{"0":"post-4151","1":"post","2":"type-post","3":"status-publish","4":"format-standard","5":"has-post-thumbnail","7":"category-cotidiano"},"jetpack_featured_media_url":"https:\/\/www.paranapraia.com.br\/wp-content\/uploads\/2019\/04\/prof.jpg","jetpack_sharing_enabled":true,"_links":{"self":[{"href":"https:\/\/www.paranapraia.com.br\/index.php\/wp-json\/wp\/v2\/posts\/4151"}],"collection":[{"href":"https:\/\/www.paranapraia.com.br\/index.php\/wp-json\/wp\/v2\/posts"}],"about":[{"href":"https:\/\/www.paranapraia.com.br\/index.php\/wp-json\/wp\/v2\/types\/post"}],"author":[{"embeddable":true,"href":"https:\/\/www.paranapraia.com.br\/index.php\/wp-json\/wp\/v2\/users\/2"}],"replies":[{"embeddable":true,"href":"https:\/\/www.paranapraia.com.br\/index.php\/wp-json\/wp\/v2\/comments?post=4151"}],"version-history":[{"count":2,"href":"https:\/\/www.paranapraia.com.br\/index.php\/wp-json\/wp\/v2\/posts\/4151\/revisions"}],"predecessor-version":[{"id":4154,"href":"https:\/\/www.paranapraia.com.br\/index.php\/wp-json\/wp\/v2\/posts\/4151\/revisions\/4154"}],"wp:featuredmedia":[{"embeddable":true,"href":"https:\/\/www.paranapraia.com.br\/index.php\/wp-json\/wp\/v2\/media\/4152"}],"wp:attachment":[{"href":"https:\/\/www.paranapraia.com.br\/index.php\/wp-json\/wp\/v2\/media?parent=4151"}],"wp:term":[{"taxonomy":"category","embeddable":true,"href":"https:\/\/www.paranapraia.com.br\/index.php\/wp-json\/wp\/v2\/categories?post=4151"},{"taxonomy":"post_tag","embeddable":true,"href":"https:\/\/www.paranapraia.com.br\/index.php\/wp-json\/wp\/v2\/tags?post=4151"}],"curies":[{"name":"wp","href":"https:\/\/api.w.org\/{rel}","templated":true}]}}