{"id":41302,"date":"2022-12-27T11:15:47","date_gmt":"2022-12-27T14:15:47","guid":{"rendered":"https:\/\/www.paranapraia.com.br\/?p=41302"},"modified":"2022-12-27T11:15:48","modified_gmt":"2022-12-27T14:15:48","slug":"gestao-ambiental-da-portos-do-parana-recebe-premio-nacional-e-reconhecimento-em-eventos-da-onu","status":"publish","type":"post","link":"https:\/\/www.paranapraia.com.br\/index.php\/2022\/12\/27\/gestao-ambiental-da-portos-do-parana-recebe-premio-nacional-e-reconhecimento-em-eventos-da-onu\/","title":{"rendered":"Gest\u00e3o ambiental da Portos do Paran\u00e1 recebe pr\u00eamio nacional e reconhecimento em eventos da ONU"},"content":{"rendered":"\n<p>Com mais de 20 programas permanentes, os portos paranaenses se posicionaram novamente em 2022 como refer\u00eancia na \u00e1rea ambiental. Al\u00e9m de receber o pr\u00eamio pelo alto \u00cdndice de Gest\u00e3o Ambiental, da Ag\u00eancia Nacional de Transportes Aquavi\u00e1rios (Antaq), o reconhecimento veio das tr\u00eas \u00faltimas Confer\u00eancias do Clima, evento realizado pela Organiza\u00e7\u00e3o das Na\u00e7\u00f5es Unidas (ONU), em 2019, 2021 e 2022, em que o Porto de Paranagu\u00e1 foi a \u00fanica autoridade portu\u00e1ria a participar. <\/p>\n\n\n\n<p>Todos os projetos ambientais e monitoramentos executados pela Portos do Paran\u00e1 t\u00eam rela\u00e7\u00e3o direta com os Objetivos de Desenvolvimento Sustent\u00e1vel (ODS), do qual a empresa p\u00fablica \u00e9 signat\u00e1ria.O diretor-presidente da Portos do Paran\u00e1, Luiz Fernando Garcia, ressalta que o convite foi um reconhecimento ao trabalho desenvolvido pela empresa p\u00fablica na \u00e1rea ambiental. \u201cFomos, novamente, a \u00fanica autoridade portu\u00e1ria entre todas do mundo convidada a palestrar em um evento da ONU. Isso demonstra que, al\u00e9m de ser reconhecidos no Brasil como a melhor gest\u00e3o p\u00fablica portu\u00e1ria, pelo Minist\u00e9rio da Infraestrutura, tamb\u00e9m somos vistos no exterior pelo trabalho na \u00e1rea ambiental\u201d, explica.<\/p>\n\n\n\n<p>A empresa p\u00fablica possui uma diretoria espec\u00edfica para tratar o tema, com bi\u00f3logos e engenheiros ambientais no quadro fixo. Al\u00e9m disso, a autoridade portu\u00e1ria conta com uma empresa contratada exclusivamente para as a\u00e7\u00f5es de meio ambiente.S\u00e3o 20 colaboradores permanentes, em Paranagu\u00e1 e mais 50 profissionais especializados. \u201cO desenvolvimento sustent\u00e1vel \u00e9 poss\u00edvel e o Paran\u00e1 tem provado isso ao longo do tempo. A cada ano, nossas atividades mostram a import\u00e2ncia de investir em programas para proteger a ba\u00eda de Paranagu\u00e1 e conscientizar as gera\u00e7\u00f5es futuras\u201d, explica o diretor de Meio Ambiente da Portos do Paran\u00e1, Jo\u00e3o Paulo Ribeiro Santana.<\/p>\n\n\n\n<p>A\u00c7\u00d5ES \u2013 Os programas ambientais s\u00e3o classificados em tr\u00eas meios de atua\u00e7\u00e3o: f\u00edsico, bi\u00f3tico e socioecon\u00f4mico. Em 2022, no mar, foram realizadas em 1.738 verifica\u00e7\u00f5es documentais de navios para gerenciamento da \u00e1gua de lastro e 34 inspe\u00e7\u00f5es a bordo para avalia\u00e7\u00e3o da salinidade da \u00e1gua de lastro e educa\u00e7\u00e3o ambiental com os tripulantes.<\/p>\n\n\n\n<p>As equipes tamb\u00e9m coletaram 351 amostras de \u00e1gua, em 12.636 an\u00e1lises de par\u00e2metros feitas. Do fundo das ba\u00edas de Paranagu\u00e1 e Antonina foram retiradas 92 amostras de sedimentos, resultando em mais de 12.636 mil par\u00e2metros analisados.Em terra, as equipes fizeram mais de 5.200 medi\u00e7\u00f5es da qualidade de fuma\u00e7a expelida por caminh\u00f5es e outras m\u00e1quinas.<\/p>\n\n\n\n<p> Al\u00e9m disso, a qualidade do ar foi monitorada durante 129 dias em 12 pontos de Paranagu\u00e1 e tr\u00eas em Antonina. Nas avalia\u00e7\u00f5es de ru\u00eddos, foram 568 medi\u00e7\u00f5es, totalizando 47 horas em 21 pontos de Paranagu\u00e1 e oito pontos de Antonina.Os resultados s\u00e3o expressivos, tamb\u00e9m, na comunica\u00e7\u00e3o com a popula\u00e7\u00e3o, com quatro campanhas promovidas: 1.120 spots de r\u00e1dio, 16 campanhas publicit\u00e1rias em jornais de grande circula\u00e7\u00e3o local e a divulga\u00e7\u00e3o de 28 outdoors sobre os programas ambientais da Portos do Paran\u00e1.<\/p>\n\n\n\n<p>RES\u00cdDUOS S\u00d3LIDOS \u2013 Durante os 12 meses foi prestado apoio \u00e0 fiscaliza\u00e7\u00e3o da gest\u00e3o de res\u00edduos, com mais de 1.100 inspe\u00e7\u00f5es nos pontos de coleta seletiva, referentes \u00e0s condi\u00e7\u00f5es de segrega\u00e7\u00e3o e armazenamento e mais de 100 inspe\u00e7\u00f5es de varri\u00e7\u00e3o mecanizada, quanto \u00e0 efici\u00eancia da limpeza e condi\u00e7\u00e3o dos equipamentos. Tamb\u00e9m ocorreram 24 treinamentos sobre gest\u00e3o de res\u00edduos com colaboradores portu\u00e1rios.<\/p>\n\n\n\n<p>GEST\u00c3O DE RISCOS \u2013 O controle ambiental \u00e9 feito 24 horas por dia, incluindo domingos e feriados. S\u00e3o contabilizadas em torno de 3.000 abordagens de conscientiza\u00e7\u00e3o a aproximadamente 2.600 trabalhadores portu\u00e1rios, al\u00e9m de mais de 9.500 inspe\u00e7\u00f5es ambientais de opera\u00e7\u00f5es e servi\u00e7os portu\u00e1rios em apenas seis meses com sistem\u00e1tica eletr\u00f4nica.<\/p>\n\n\n\n<p>AEN<\/p>\n","protected":false},"excerpt":{"rendered":"<p>Com mais de 20 programas permanentes, os portos paranaenses se posicionaram novamente em 2022 como refer\u00eancia na \u00e1rea ambiental. Al\u00e9m de receber o pr\u00eamio pelo alto \u00cdndice de Gest\u00e3o Ambiental, da Ag\u00eancia Nacional de Transportes Aquavi\u00e1rios (Antaq), o reconhecimento veio das tr\u00eas \u00faltimas Confer\u00eancias do Clima, evento realizado pela Organiza\u00e7\u00e3o das Na\u00e7\u00f5es Unidas (ONU), em [&hellip;]<\/p>\n","protected":false},"author":2,"featured_media":41303,"comment_status":"open","ping_status":"open","sticky":false,"template":"","format":"standard","meta":{"advanced_seo_description":"","jetpack_seo_html_title":"","jetpack_seo_noindex":false,"_jetpack_memberships_contains_paid_content":false,"footnotes":""},"categories":[40],"tags":[],"class_list":{"0":"post-41302","1":"post","2":"type-post","3":"status-publish","4":"format-standard","5":"has-post-thumbnail","7":"category-destaques"},"jetpack_featured_media_url":"https:\/\/www.paranapraia.com.br\/wp-content\/uploads\/2022\/12\/meioambiente4-scaled.jpg","jetpack_sharing_enabled":true,"_links":{"self":[{"href":"https:\/\/www.paranapraia.com.br\/index.php\/wp-json\/wp\/v2\/posts\/41302"}],"collection":[{"href":"https:\/\/www.paranapraia.com.br\/index.php\/wp-json\/wp\/v2\/posts"}],"about":[{"href":"https:\/\/www.paranapraia.com.br\/index.php\/wp-json\/wp\/v2\/types\/post"}],"author":[{"embeddable":true,"href":"https:\/\/www.paranapraia.com.br\/index.php\/wp-json\/wp\/v2\/users\/2"}],"replies":[{"embeddable":true,"href":"https:\/\/www.paranapraia.com.br\/index.php\/wp-json\/wp\/v2\/comments?post=41302"}],"version-history":[{"count":1,"href":"https:\/\/www.paranapraia.com.br\/index.php\/wp-json\/wp\/v2\/posts\/41302\/revisions"}],"predecessor-version":[{"id":41304,"href":"https:\/\/www.paranapraia.com.br\/index.php\/wp-json\/wp\/v2\/posts\/41302\/revisions\/41304"}],"wp:featuredmedia":[{"embeddable":true,"href":"https:\/\/www.paranapraia.com.br\/index.php\/wp-json\/wp\/v2\/media\/41303"}],"wp:attachment":[{"href":"https:\/\/www.paranapraia.com.br\/index.php\/wp-json\/wp\/v2\/media?parent=41302"}],"wp:term":[{"taxonomy":"category","embeddable":true,"href":"https:\/\/www.paranapraia.com.br\/index.php\/wp-json\/wp\/v2\/categories?post=41302"},{"taxonomy":"post_tag","embeddable":true,"href":"https:\/\/www.paranapraia.com.br\/index.php\/wp-json\/wp\/v2\/tags?post=41302"}],"curies":[{"name":"wp","href":"https:\/\/api.w.org\/{rel}","templated":true}]}}