{"id":41299,"date":"2022-12-27T11:06:40","date_gmt":"2022-12-27T14:06:40","guid":{"rendered":"https:\/\/www.paranapraia.com.br\/?p=41299"},"modified":"2022-12-27T11:06:41","modified_gmt":"2022-12-27T14:06:41","slug":"corpo-de-homem-e-encontrado-no-mar-em-caioba","status":"publish","type":"post","link":"https:\/\/www.paranapraia.com.br\/index.php\/2022\/12\/27\/corpo-de-homem-e-encontrado-no-mar-em-caioba\/","title":{"rendered":"Corpo de homem \u00e9 encontrado no mar em Caiob\u00e1"},"content":{"rendered":"\n<p>O corpo de um homem foi encontrado no mar, nesta manh\u00e3 (ter\u00e7a-feira, 27), na orla de Caiob\u00e1, litoral do Paran\u00e1.A suspeita \u00e9 de que se trate de uma das duas v\u00edtimas de afogamento \u2013 de casos registrados ontem (segunda, 26).Durante a manh\u00e3, pouco antes das 7 horas, a primeira ocorr\u00eancia do dia foi a de um rapaz de 18 anos, que desapareceu ap\u00f3s entrar no mar, na Praia Brava, em Matinhos. <\/p>\n\n\n\n<p>Durante a tarde, por volta das 16 horas, um banhista, de 21 anos, tamb\u00e9m n\u00e3o foi mais visto. Foi entre os balne\u00e1rios Junara e Gaivotas II, tamb\u00e9m em Matinhos.A capit\u00e3 Thayane Lima, porta-voz do Corpo de Bombeiros, diz que o corpo encontrado no mar foi encaminhado ao IML de Curitiba, para identifica\u00e7\u00e3o.Desde ent\u00e3o as equipes do Corpo de Bombeiros percorrem a \u00e1rea com motos aqu\u00e1ticas e apoio de aeronaves. O \u00f3rg\u00e3o refor\u00e7a que os banhistas s\u00f3 devem entrar no mar nos locais protegidos por guarda-vidas e durante o hor\u00e1rio de funcionamento do posto, das 08h \u00e0s 19h.<\/p>\n\n\n\n<p>Band News<\/p>\n","protected":false},"excerpt":{"rendered":"<p>O corpo de um homem foi encontrado no mar, nesta manh\u00e3 (ter\u00e7a-feira, 27), na orla de Caiob\u00e1, litoral do Paran\u00e1.A suspeita \u00e9 de que se trate de uma das duas v\u00edtimas de afogamento \u2013 de casos registrados ontem (segunda, 26).Durante a manh\u00e3, pouco antes das 7 horas, a primeira ocorr\u00eancia do dia foi a de [&hellip;]<\/p>\n","protected":false},"author":2,"featured_media":41300,"comment_status":"open","ping_status":"open","sticky":false,"template":"","format":"standard","meta":{"advanced_seo_description":"","jetpack_seo_html_title":"","jetpack_seo_noindex":false,"_jetpack_memberships_contains_paid_content":false,"footnotes":""},"categories":[40],"tags":[],"class_list":{"0":"post-41299","1":"post","2":"type-post","3":"status-publish","4":"format-standard","5":"has-post-thumbnail","7":"category-destaques"},"jetpack_featured_media_url":"https:\/\/www.paranapraia.com.br\/wp-content\/uploads\/2022\/12\/WhatsApp-Image-2022-12-26-at-09.27.13-e1672146556596-850x560-1.jpeg","jetpack_sharing_enabled":true,"_links":{"self":[{"href":"https:\/\/www.paranapraia.com.br\/index.php\/wp-json\/wp\/v2\/posts\/41299"}],"collection":[{"href":"https:\/\/www.paranapraia.com.br\/index.php\/wp-json\/wp\/v2\/posts"}],"about":[{"href":"https:\/\/www.paranapraia.com.br\/index.php\/wp-json\/wp\/v2\/types\/post"}],"author":[{"embeddable":true,"href":"https:\/\/www.paranapraia.com.br\/index.php\/wp-json\/wp\/v2\/users\/2"}],"replies":[{"embeddable":true,"href":"https:\/\/www.paranapraia.com.br\/index.php\/wp-json\/wp\/v2\/comments?post=41299"}],"version-history":[{"count":1,"href":"https:\/\/www.paranapraia.com.br\/index.php\/wp-json\/wp\/v2\/posts\/41299\/revisions"}],"predecessor-version":[{"id":41301,"href":"https:\/\/www.paranapraia.com.br\/index.php\/wp-json\/wp\/v2\/posts\/41299\/revisions\/41301"}],"wp:featuredmedia":[{"embeddable":true,"href":"https:\/\/www.paranapraia.com.br\/index.php\/wp-json\/wp\/v2\/media\/41300"}],"wp:attachment":[{"href":"https:\/\/www.paranapraia.com.br\/index.php\/wp-json\/wp\/v2\/media?parent=41299"}],"wp:term":[{"taxonomy":"category","embeddable":true,"href":"https:\/\/www.paranapraia.com.br\/index.php\/wp-json\/wp\/v2\/categories?post=41299"},{"taxonomy":"post_tag","embeddable":true,"href":"https:\/\/www.paranapraia.com.br\/index.php\/wp-json\/wp\/v2\/tags?post=41299"}],"curies":[{"name":"wp","href":"https:\/\/api.w.org\/{rel}","templated":true}]}}