{"id":41290,"date":"2022-12-26T17:27:06","date_gmt":"2022-12-26T20:27:06","guid":{"rendered":"https:\/\/www.paranapraia.com.br\/?p=41290"},"modified":"2022-12-26T17:27:07","modified_gmt":"2022-12-26T20:27:07","slug":"policiais-prendem-mulher-e-apreendem-adolescente-por-maus-tratos-a-animais-em-matinhos","status":"publish","type":"post","link":"https:\/\/www.paranapraia.com.br\/index.php\/2022\/12\/26\/policiais-prendem-mulher-e-apreendem-adolescente-por-maus-tratos-a-animais-em-matinhos\/","title":{"rendered":"Policiais prendem mulher e apreendem adolescente por maus-tratos a animais em Matinhos"},"content":{"rendered":"\n<p>A Pol\u00edcia Civil, em conjunto com a Pol\u00edcia Militar, prendeu uma mulher, de 50 anos, e apreendeu um adolescente, de 16, por maus-tratos a animais em Matinhos, no Litoral do Estado. Durante a a\u00e7\u00e3o, ocorrida neste domingo (25), os policiais resgataram ainda cinco cachorros e apreenderam uma carabina de airsoft.<\/p>\n\n\n\n<p><strong>CRIME &#8211;<\/strong>&nbsp;O adolescente estaria usando a airsoft (arma de press\u00e3o usada em esporte que simula combate) para atirar nos c\u00e3es. Os c\u00e3es foram localizados com sinais de fraqueza, sem alimenta\u00e7\u00e3o. Os animais ser\u00e3o levados para lares tempor\u00e1rios, em Curitiba, at\u00e9 que sejam realizadas as ado\u00e7\u00f5es.<\/p>\n\n\n\n<p>Os interessados em adotar os c\u00e3es podem entrar em contato com a Delegacia de Prote\u00e7\u00e3o ao Meio Ambiente da PCPR atrav\u00e9s do telefone&nbsp;(41) 3251-6200.<\/p>\n\n\n\n<p><strong>VER\u00c3O MAIOR PARAN\u00c1 &#8211;<\/strong>\u00a0O Ver\u00e3o Maior Paran\u00e1 ter\u00e1 a\u00e7\u00f5es voltadas aos veranistas e comunidade local, com atividades esportivas e de lazer, aulas de gin\u00e1stica, dan\u00e7a, caminhadas, recrea\u00e7\u00e3o infantil, torneios e eventos esportivos, al\u00e9m de uma s\u00e9rie de outras pr\u00e1ticas relacionadas ao entretenimento. Acesse o site www.verao.pr.gov.br e confira a programa\u00e7\u00e3o completa das atra\u00e7\u00f5es promovidas pelo Governo do Estado. As a\u00e7\u00f5es acontecem nos munic\u00edpios do Litoral, al\u00e9m de Porto Rico e S\u00e3o Pedro do Paran\u00e1, no Noroeste do Paran\u00e1.<\/p>\n\n\n\n<p>AEN<\/p>\n","protected":false},"excerpt":{"rendered":"<p>A Pol\u00edcia Civil, em conjunto com a Pol\u00edcia Militar, prendeu uma mulher, de 50 anos, e apreendeu um adolescente, de 16, por maus-tratos a animais em Matinhos, no Litoral do Estado. Durante a a\u00e7\u00e3o, ocorrida neste domingo (25), os policiais resgataram ainda cinco cachorros e apreenderam uma carabina de airsoft. CRIME &#8211;&nbsp;O adolescente estaria usando [&hellip;]<\/p>\n","protected":false},"author":2,"featured_media":41291,"comment_status":"open","ping_status":"open","sticky":false,"template":"","format":"standard","meta":{"advanced_seo_description":"","jetpack_seo_html_title":"","jetpack_seo_noindex":false,"_jetpack_memberships_contains_paid_content":false,"footnotes":""},"categories":[40],"tags":[],"class_list":{"0":"post-41290","1":"post","2":"type-post","3":"status-publish","4":"format-standard","5":"has-post-thumbnail","7":"category-destaques"},"jetpack_featured_media_url":"https:\/\/www.paranapraia.com.br\/wp-content\/uploads\/2022\/12\/pcprepm.jpg","jetpack_sharing_enabled":true,"_links":{"self":[{"href":"https:\/\/www.paranapraia.com.br\/index.php\/wp-json\/wp\/v2\/posts\/41290"}],"collection":[{"href":"https:\/\/www.paranapraia.com.br\/index.php\/wp-json\/wp\/v2\/posts"}],"about":[{"href":"https:\/\/www.paranapraia.com.br\/index.php\/wp-json\/wp\/v2\/types\/post"}],"author":[{"embeddable":true,"href":"https:\/\/www.paranapraia.com.br\/index.php\/wp-json\/wp\/v2\/users\/2"}],"replies":[{"embeddable":true,"href":"https:\/\/www.paranapraia.com.br\/index.php\/wp-json\/wp\/v2\/comments?post=41290"}],"version-history":[{"count":1,"href":"https:\/\/www.paranapraia.com.br\/index.php\/wp-json\/wp\/v2\/posts\/41290\/revisions"}],"predecessor-version":[{"id":41292,"href":"https:\/\/www.paranapraia.com.br\/index.php\/wp-json\/wp\/v2\/posts\/41290\/revisions\/41292"}],"wp:featuredmedia":[{"embeddable":true,"href":"https:\/\/www.paranapraia.com.br\/index.php\/wp-json\/wp\/v2\/media\/41291"}],"wp:attachment":[{"href":"https:\/\/www.paranapraia.com.br\/index.php\/wp-json\/wp\/v2\/media?parent=41290"}],"wp:term":[{"taxonomy":"category","embeddable":true,"href":"https:\/\/www.paranapraia.com.br\/index.php\/wp-json\/wp\/v2\/categories?post=41290"},{"taxonomy":"post_tag","embeddable":true,"href":"https:\/\/www.paranapraia.com.br\/index.php\/wp-json\/wp\/v2\/tags?post=41290"}],"curies":[{"name":"wp","href":"https:\/\/api.w.org\/{rel}","templated":true}]}}