{"id":41278,"date":"2022-12-26T15:30:52","date_gmt":"2022-12-26T18:30:52","guid":{"rendered":"https:\/\/www.paranapraia.com.br\/?p=41278"},"modified":"2022-12-26T15:30:53","modified_gmt":"2022-12-26T18:30:53","slug":"veja-a-programacao-do-reveillon-2023-em-guaratuba-e-se-programe-para-a-festa","status":"publish","type":"post","link":"https:\/\/www.paranapraia.com.br\/index.php\/2022\/12\/26\/veja-a-programacao-do-reveillon-2023-em-guaratuba-e-se-programe-para-a-festa\/","title":{"rendered":"Veja a programa\u00e7\u00e3o do R\u00e9veillon 2023 em Guaratuba e se programe para a festa"},"content":{"rendered":"\n<p>A virada do ano em Guaratuba contar\u00e1 com 3 trios el\u00e9tricos, fazendo a festa nos principais pontos da cidade! A queima de fogos sem estampido sonoro acontecer\u00e1 no Morro do Cristo com dura\u00e7\u00e3o de 10 minutos anunciando a chegada de 2023.<\/p>\n\n\n\n<figure class=\"wp-block-image size-large\"><img loading=\"lazy\" decoding=\"async\" width=\"1024\" height=\"1024\" src=\"https:\/\/www.paranapraia.com.br\/wp-content\/uploads\/2022\/12\/321072336_469117365417070_7364791375096814526_n-1024x1024.jpg\" alt=\"\" class=\"wp-image-41280\" srcset=\"https:\/\/www.paranapraia.com.br\/wp-content\/uploads\/2022\/12\/321072336_469117365417070_7364791375096814526_n-1024x1024.jpg 1024w, https:\/\/www.paranapraia.com.br\/wp-content\/uploads\/2022\/12\/321072336_469117365417070_7364791375096814526_n-300x300.jpg 300w, https:\/\/www.paranapraia.com.br\/wp-content\/uploads\/2022\/12\/321072336_469117365417070_7364791375096814526_n-150x150.jpg 150w, https:\/\/www.paranapraia.com.br\/wp-content\/uploads\/2022\/12\/321072336_469117365417070_7364791375096814526_n-768x768.jpg 768w, https:\/\/www.paranapraia.com.br\/wp-content\/uploads\/2022\/12\/321072336_469117365417070_7364791375096814526_n-696x696.jpg 696w, https:\/\/www.paranapraia.com.br\/wp-content\/uploads\/2022\/12\/321072336_469117365417070_7364791375096814526_n-1068x1068.jpg 1068w, https:\/\/www.paranapraia.com.br\/wp-content\/uploads\/2022\/12\/321072336_469117365417070_7364791375096814526_n-420x420.jpg 420w, https:\/\/www.paranapraia.com.br\/wp-content\/uploads\/2022\/12\/321072336_469117365417070_7364791375096814526_n.jpg 1280w\" sizes=\"(max-width: 1024px) 100vw, 1024px\" \/><\/figure>\n\n\n\n<p> Confira as bandas e locais dos trios el\u00e9tricos: <\/p>\n\n\n\n<p>Praia Central &#8211; Das 22h at\u00e9 \u00e0s 1h30 trio el\u00e9trico \u00c1guia com Fernanda Liz e banda e DJ Allan Caetano.<\/p>\n\n\n\n<p>Avenida Ponta Grossa -Das 22h at\u00e9 1h30 &#8211; trio el\u00e9trico Avatar com Banda Marvin e DJ Pudim. <\/p>\n\n\n\n<p>Bairro Coroados (Avenida S\u00e3o Jos\u00e9 da Boa Vista esquina com a Avenida Minas Gerais) &#8211; Das 22h at\u00e9 1h &#8211; trio el\u00e9trico Alucina\u00e7\u00e3o com dupla Davi &amp; Daniel e DJ Firemam.<\/p>\n\n\n\n<p>Assessoria<\/p>\n","protected":false},"excerpt":{"rendered":"<p>A virada do ano em Guaratuba contar\u00e1 com 3 trios el\u00e9tricos, fazendo a festa nos principais pontos da cidade! A queima de fogos sem estampido sonoro acontecer\u00e1 no Morro do Cristo com dura\u00e7\u00e3o de 10 minutos anunciando a chegada de 2023. Confira as bandas e locais dos trios el\u00e9tricos: Praia Central &#8211; Das 22h at\u00e9 [&hellip;]<\/p>\n","protected":false},"author":2,"featured_media":41279,"comment_status":"open","ping_status":"open","sticky":false,"template":"","format":"standard","meta":{"advanced_seo_description":"","jetpack_seo_html_title":"","jetpack_seo_noindex":false,"_jetpack_memberships_contains_paid_content":false,"footnotes":""},"categories":[99],"tags":[],"class_list":{"0":"post-41278","1":"post","2":"type-post","3":"status-publish","4":"format-standard","5":"has-post-thumbnail","7":"category-guaratuba"},"jetpack_featured_media_url":"https:\/\/www.paranapraia.com.br\/wp-content\/uploads\/2022\/12\/321784021_694703018920734_1988451699635672390_n.jpg","jetpack_sharing_enabled":true,"_links":{"self":[{"href":"https:\/\/www.paranapraia.com.br\/index.php\/wp-json\/wp\/v2\/posts\/41278"}],"collection":[{"href":"https:\/\/www.paranapraia.com.br\/index.php\/wp-json\/wp\/v2\/posts"}],"about":[{"href":"https:\/\/www.paranapraia.com.br\/index.php\/wp-json\/wp\/v2\/types\/post"}],"author":[{"embeddable":true,"href":"https:\/\/www.paranapraia.com.br\/index.php\/wp-json\/wp\/v2\/users\/2"}],"replies":[{"embeddable":true,"href":"https:\/\/www.paranapraia.com.br\/index.php\/wp-json\/wp\/v2\/comments?post=41278"}],"version-history":[{"count":1,"href":"https:\/\/www.paranapraia.com.br\/index.php\/wp-json\/wp\/v2\/posts\/41278\/revisions"}],"predecessor-version":[{"id":41281,"href":"https:\/\/www.paranapraia.com.br\/index.php\/wp-json\/wp\/v2\/posts\/41278\/revisions\/41281"}],"wp:featuredmedia":[{"embeddable":true,"href":"https:\/\/www.paranapraia.com.br\/index.php\/wp-json\/wp\/v2\/media\/41279"}],"wp:attachment":[{"href":"https:\/\/www.paranapraia.com.br\/index.php\/wp-json\/wp\/v2\/media?parent=41278"}],"wp:term":[{"taxonomy":"category","embeddable":true,"href":"https:\/\/www.paranapraia.com.br\/index.php\/wp-json\/wp\/v2\/categories?post=41278"},{"taxonomy":"post_tag","embeddable":true,"href":"https:\/\/www.paranapraia.com.br\/index.php\/wp-json\/wp\/v2\/tags?post=41278"}],"curies":[{"name":"wp","href":"https:\/\/api.w.org\/{rel}","templated":true}]}}