{"id":4122,"date":"2019-04-02T13:16:59","date_gmt":"2019-04-02T16:16:59","guid":{"rendered":"https:\/\/www.paranapraia.com.br\/?p=4122"},"modified":"2019-04-02T13:17:00","modified_gmt":"2019-04-02T16:17:00","slug":"inep-diz-avaliar-alternativas-seguras-para-impressao-de-provas-e-mantem-cronograma-do-enem","status":"publish","type":"post","link":"https:\/\/www.paranapraia.com.br\/index.php\/2019\/04\/02\/inep-diz-avaliar-alternativas-seguras-para-impressao-de-provas-e-mantem-cronograma-do-enem\/","title":{"rendered":"Inep diz avaliar alternativas &#8216;seguras&#8217; para impress\u00e3o de provas e mant\u00e9m cronograma do Enem"},"content":{"rendered":"\n<p>BRAS\u00cdLIA, DF (FOLHAPRESS) &#8211; O Instituto Nacional de Estudos e Pesquisas Educacionais (Inep) informou nesta ter\u00e7a-feira,2, que avalia alternativas consideradas seguras para substituir a gr\u00e1fica que imprime o Enem. A empresa RR Donnelley anunciou fal\u00eancia no domingo.<\/p>\n\n\n\n<p>O \u00f3rg\u00e3o, ligado ao Minist\u00e9rio da Educa\u00e7\u00e3o (MEC), ressalta que o cronograma est\u00e1 mantido. As inscri\u00e7\u00f5es ocorrem entre 6 e 7 de maio e as provas, em 3 e 10 de novembro.<\/p>\n\n\n\n<p>A fal\u00eancia da gr\u00e1fica que imprime o Enem desde 2009 provocou inseguran\u00e7a com rela\u00e7\u00e3o \u00e0 realiza\u00e7\u00e3o da prova, uma opera\u00e7\u00e3o que envolve complexidade de seguran\u00e7a e de log\u00edstica.&nbsp;O cronograma prev\u00ea que a impress\u00e3o das provas seja realizada at\u00e9 maio. No ano passado, foram impressas 11 milh\u00f5es de provas.<\/p>\n\n\n\n<p>O an\u00fancio surge em meio a uma crise que envolve demiss\u00f5es e disputas dentro da pasta comandada pelo ministro Ricardo V\u00e9lez Rodriguez.&nbsp;<\/p>\n\n\n\n<p>O Inep segue sem presidente desde semana passada, quando Marcus Vinicius Rodrigues foi demitido ap\u00f3s pol\u00eamica com a avalia\u00e7\u00e3o de alfabetiza\u00e7\u00e3o. O diretor da avalia\u00e7\u00e3o da Educa\u00e7\u00e3o B\u00e1sica do \u00f3rg\u00e3o, Paulo Teixeira, se desligou em&nbsp;solidariedade ao demitido. Essa \u00e9 a diretoria que cuida do Enem.<\/p>\n\n\n\n<p>A reportagem havia pedido esclarecimentos no fim da manh\u00e3 de segunda-feira (1), mas o \u00f3rg\u00e3o s\u00f3 retornou nesta ter\u00e7a.<\/p>\n\n\n\n<p>&#8220;Em rela\u00e7\u00e3o \u00e0 fal\u00eancia da gr\u00e1fica contratada para a diagrama\u00e7\u00e3o e impress\u00e3o dos cadernos de prova da edi\u00e7\u00e3o deste ano do Enem, existem alternativas seguras sendo avaliadas&#8221;, diz a nota.<\/p>\n\n\n\n<p>De forma reservada, servidores e ex-funcion\u00e1rios do instituto falaram \u00e0 reportagem que h\u00e1 grande preocupa\u00e7\u00e3o com as indefini\u00e7\u00f5es e com a aus\u00eancia de uma pessoa capaz de liderar essa opera\u00e7\u00e3o.<\/p>\n\n\n\n<p>No ano passado, o Enem recebeu 5,5 milh\u00f5es de inscri\u00e7\u00f5es. Cada estudante faz dois dias de prova e o resultado \u00e9 a porta de entrada para praticamente todas as universidades federais.<\/p>\n\n\n\n<p>Est\u00e1 aberto, at\u00e9 10 de abril, o per\u00edodo para pedido de isen\u00e7\u00e3o da taxa de inscri\u00e7\u00e3o no Enem 2019 e justificativa de aus\u00eancia na edi\u00e7\u00e3o anterior.<\/p>\n\n\n\n<p>BemParana<\/p>\n","protected":false},"excerpt":{"rendered":"<p>BRAS\u00cdLIA, DF (FOLHAPRESS) &#8211; O Instituto Nacional de Estudos e Pesquisas Educacionais (Inep) informou nesta ter\u00e7a-feira,2, que avalia alternativas consideradas seguras para substituir a gr\u00e1fica que imprime o Enem. A empresa RR Donnelley anunciou fal\u00eancia no domingo. O \u00f3rg\u00e3o, ligado ao Minist\u00e9rio da Educa\u00e7\u00e3o (MEC), ressalta que o cronograma est\u00e1 mantido. As inscri\u00e7\u00f5es ocorrem entre [&hellip;]<\/p>\n","protected":false},"author":2,"featured_media":4123,"comment_status":"open","ping_status":"open","sticky":false,"template":"","format":"standard","meta":{"advanced_seo_description":"","jetpack_seo_html_title":"","jetpack_seo_noindex":false,"_jetpack_memberships_contains_paid_content":false,"footnotes":""},"categories":[1],"tags":[],"class_list":{"0":"post-4122","1":"post","2":"type-post","3":"status-publish","4":"format-standard","5":"has-post-thumbnail","7":"category-sem-categoria"},"jetpack_featured_media_url":"https:\/\/www.paranapraia.com.br\/wp-content\/uploads\/2019\/04\/inep.jpg","jetpack_sharing_enabled":true,"_links":{"self":[{"href":"https:\/\/www.paranapraia.com.br\/index.php\/wp-json\/wp\/v2\/posts\/4122"}],"collection":[{"href":"https:\/\/www.paranapraia.com.br\/index.php\/wp-json\/wp\/v2\/posts"}],"about":[{"href":"https:\/\/www.paranapraia.com.br\/index.php\/wp-json\/wp\/v2\/types\/post"}],"author":[{"embeddable":true,"href":"https:\/\/www.paranapraia.com.br\/index.php\/wp-json\/wp\/v2\/users\/2"}],"replies":[{"embeddable":true,"href":"https:\/\/www.paranapraia.com.br\/index.php\/wp-json\/wp\/v2\/comments?post=4122"}],"version-history":[{"count":1,"href":"https:\/\/www.paranapraia.com.br\/index.php\/wp-json\/wp\/v2\/posts\/4122\/revisions"}],"predecessor-version":[{"id":4124,"href":"https:\/\/www.paranapraia.com.br\/index.php\/wp-json\/wp\/v2\/posts\/4122\/revisions\/4124"}],"wp:featuredmedia":[{"embeddable":true,"href":"https:\/\/www.paranapraia.com.br\/index.php\/wp-json\/wp\/v2\/media\/4123"}],"wp:attachment":[{"href":"https:\/\/www.paranapraia.com.br\/index.php\/wp-json\/wp\/v2\/media?parent=4122"}],"wp:term":[{"taxonomy":"category","embeddable":true,"href":"https:\/\/www.paranapraia.com.br\/index.php\/wp-json\/wp\/v2\/categories?post=4122"},{"taxonomy":"post_tag","embeddable":true,"href":"https:\/\/www.paranapraia.com.br\/index.php\/wp-json\/wp\/v2\/tags?post=4122"}],"curies":[{"name":"wp","href":"https:\/\/api.w.org\/{rel}","templated":true}]}}