{"id":41207,"date":"2022-12-26T12:20:57","date_gmt":"2022-12-26T15:20:57","guid":{"rendered":"https:\/\/www.paranapraia.com.br\/?p=41207"},"modified":"2022-12-26T12:20:57","modified_gmt":"2022-12-26T15:20:57","slug":"atendimento-do-samu-a-100-do-estado-e-um-dos-legados-da-saude-em-quatro-anos","status":"publish","type":"post","link":"https:\/\/www.paranapraia.com.br\/index.php\/2022\/12\/26\/atendimento-do-samu-a-100-do-estado-e-um-dos-legados-da-saude-em-quatro-anos\/","title":{"rendered":"Atendimento do Samu a 100% do Estado \u00e9 um dos legados da sa\u00fade em quatro anos"},"content":{"rendered":"\n<p>Com quase 18 anos de opera\u00e7\u00e3o, o Servi\u00e7o de Atendimento M\u00f3vel de Urg\u00eancia (Samu) tem sua cobertura dispon\u00edvel em todos os 399 munic\u00edpios do territ\u00f3rio paranaense. A conquista se deu ap\u00f3s uma s\u00e9rie hist\u00f3rica de investimentos realizados pelo Governo do Estado nos \u00faltimos quatro anos, com quase R$ 300 milh\u00f5es para seu fortalecimentos<\/p>\n\n\n\n<p>\u201cPensar a rede de urg\u00eancia e emerg\u00eancia do Estado seria imposs\u00edvel sem o Samu, e \u00e9 justamente por essa qualidade imprescind\u00edvel de atendimento que temos fortalecido e expandido toda sua capacidade\u201d, destacou o secret\u00e1rio de Estado da Sa\u00fade, Beto Preto.<\/p>\n\n\n\n<p>\u201cEm 2019, o Samu contemplava uma cobertura de 68%, num crescimento gradativo de 4,8% ao ano. Com as orienta\u00e7\u00f5es do governador Ratinho Junior, elevamos esse crescimento para 10,6%, o que nos permitiu levar sua cobertura para todo o Paran\u00e1\u201d, acrescentou.<\/p>\n\n\n\n<p>Criado em 2014, o Samu atendia, inicialmente, apenas os munic\u00edpios de Curitiba e S\u00e3o Jos\u00e9 dos Pinhais. Hoje, o servi\u00e7o conta com 12 centrais de Regula\u00e7\u00e3o de Urg\u00eancia, que mobilizam 186 ambul\u00e2ncias de suporte b\u00e1sico e outras 57 de suporte avan\u00e7ado, al\u00e9m de cinco helic\u00f3pteros e um avi\u00e3o para atendimento e remo\u00e7\u00e3o em locais de dif\u00edcil acesso.<\/p>\n\n\n\n<p>\u201cEmbora a frota terrestre seja sua principal frente de opera\u00e7\u00e3o, o Samu tamb\u00e9m est\u00e1 equipado com servi\u00e7o aerom\u00e9dico, o que permite maior efici\u00eancia para atendimentos de grande urg\u00eancia, sobretudo em locais isolados. Sabemos como a agilidade \u00e9 fundamental nesses casos e por isso nos certificamos de ter todas as ferramentas dispon\u00edveis para atender os paranaenses que necessitarem de assist\u00eancia\u201d, acrescentou Beto Preto.<\/p>\n\n\n\n<p><strong>INVESTIMENTOS<\/strong>&nbsp;\u2013 Al\u00e9m de fortalecer a Rede de Urg\u00eancia e Emerg\u00eancia com investimentos em capacita\u00e7\u00f5es, medicamentos, transporte de pacientes e amplia\u00e7\u00f5es de servi\u00e7os, a Sesa tamb\u00e9m implantou, neste ano, a linha de cuidado com prioridade para complica\u00e7\u00f5es cardiovasculares, cerebrovasculares e traumatismos. A pasta divulga e disponibiliza seus protocolos para todas as unidades do Samu, permitindo a padroniza\u00e7\u00e3o nos atendimentos para ocorr\u00eancias deste tipo.<\/p>\n\n\n\n<p>Em 2019, o Governo do Estado repassou R$ 69,4 milh\u00f5es para a rede. Em 2020, os investimentos foram expandidos, somando R$ 72 milh\u00f5es. J\u00e1 em 2021, o valor destinado alcan\u00e7ou R$ 74,9 milh\u00f5es. Neste ano, o repasse em 2022 alcan\u00e7ou, at\u00e9 o momento, um montante de R$ 78,8 milh\u00f5es.<\/p>\n\n\n\n<p><strong>ATENDIMENTOS<\/strong>&nbsp;\u2013 De acordo com os registros da Sesa, o Samu tem expandido consistentemente sua m\u00e9dia anual de opera\u00e7\u00f5es. Em 2019, 520.502 pessoas foram atendidas pelo servi\u00e7o, somando cerca de 1.637 pacientes por dia e 49.097 por m\u00eas. Esse n\u00famero de atendimentos dobrou no ano seguinte, que contou com 1.055.448 pacientes no ano, sendo 2.932 a m\u00e9dia di\u00e1ria e 87.954 ao m\u00eas.<\/p>\n\n\n\n<p>Em 2021, o Samu seguiu aumentando suas atividades, desta vez com 1.118.961 atendimentos, sendo 3.128 a m\u00e9dia\/dia e 93.832 a m\u00e9dia mensal. J\u00e1 neste ano, dados preliminares revelam um cen\u00e1rio constante, com 1.198.447 ocorr\u00eancias at\u00e9 novembro, o que representa uma m\u00e9dia di\u00e1ria de 3.631 e 108.949 ao m\u00eas.<\/p>\n\n\n\n<p>\u201c\u00c9 preciso conferir um destaque especial ao Samu tamb\u00e9m pela sua atua\u00e7\u00e3o durante a pandemia, sobretudo no deslocamento de pacientes acometidos pelo v\u00edrus. Este \u00e9 um servi\u00e7o que salva vidas diariamente e \u00e9 nosso dever fortalec\u00ea-lo\u201d, afirmou Beto Preto.<\/p>\n\n\n\n<p>AEN<\/p>\n","protected":false},"excerpt":{"rendered":"<p>Com quase 18 anos de opera\u00e7\u00e3o, o Servi\u00e7o de Atendimento M\u00f3vel de Urg\u00eancia (Samu) tem sua cobertura dispon\u00edvel em todos os 399 munic\u00edpios do territ\u00f3rio paranaense. A conquista se deu ap\u00f3s uma s\u00e9rie hist\u00f3rica de investimentos realizados pelo Governo do Estado nos \u00faltimos quatro anos, com quase R$ 300 milh\u00f5es para seu fortalecimentos \u201cPensar a [&hellip;]<\/p>\n","protected":false},"author":2,"featured_media":41208,"comment_status":"open","ping_status":"open","sticky":false,"template":"","format":"standard","meta":{"advanced_seo_description":"","jetpack_seo_html_title":"","jetpack_seo_noindex":false,"_jetpack_memberships_contains_paid_content":false,"footnotes":""},"categories":[50],"tags":[],"class_list":{"0":"post-41207","1":"post","2":"type-post","3":"status-publish","4":"format-standard","5":"has-post-thumbnail","7":"category-saude"},"jetpack_featured_media_url":"https:\/\/www.paranapraia.com.br\/wp-content\/uploads\/2022\/12\/496d48f6-5992-49a4-9f61-d3dd54cb65fa.jpg","jetpack_sharing_enabled":true,"_links":{"self":[{"href":"https:\/\/www.paranapraia.com.br\/index.php\/wp-json\/wp\/v2\/posts\/41207"}],"collection":[{"href":"https:\/\/www.paranapraia.com.br\/index.php\/wp-json\/wp\/v2\/posts"}],"about":[{"href":"https:\/\/www.paranapraia.com.br\/index.php\/wp-json\/wp\/v2\/types\/post"}],"author":[{"embeddable":true,"href":"https:\/\/www.paranapraia.com.br\/index.php\/wp-json\/wp\/v2\/users\/2"}],"replies":[{"embeddable":true,"href":"https:\/\/www.paranapraia.com.br\/index.php\/wp-json\/wp\/v2\/comments?post=41207"}],"version-history":[{"count":1,"href":"https:\/\/www.paranapraia.com.br\/index.php\/wp-json\/wp\/v2\/posts\/41207\/revisions"}],"predecessor-version":[{"id":41209,"href":"https:\/\/www.paranapraia.com.br\/index.php\/wp-json\/wp\/v2\/posts\/41207\/revisions\/41209"}],"wp:featuredmedia":[{"embeddable":true,"href":"https:\/\/www.paranapraia.com.br\/index.php\/wp-json\/wp\/v2\/media\/41208"}],"wp:attachment":[{"href":"https:\/\/www.paranapraia.com.br\/index.php\/wp-json\/wp\/v2\/media?parent=41207"}],"wp:term":[{"taxonomy":"category","embeddable":true,"href":"https:\/\/www.paranapraia.com.br\/index.php\/wp-json\/wp\/v2\/categories?post=41207"},{"taxonomy":"post_tag","embeddable":true,"href":"https:\/\/www.paranapraia.com.br\/index.php\/wp-json\/wp\/v2\/tags?post=41207"}],"curies":[{"name":"wp","href":"https:\/\/api.w.org\/{rel}","templated":true}]}}