{"id":41193,"date":"2022-12-25T21:40:23","date_gmt":"2022-12-26T00:40:23","guid":{"rendered":"https:\/\/www.paranapraia.com.br\/?p=41193"},"modified":"2022-12-25T21:45:23","modified_gmt":"2022-12-26T00:45:23","slug":"brasil-deve-apresentar-alta-de-casos-de-covid-em-2-meses-projeta-infectologista","status":"publish","type":"post","link":"https:\/\/www.paranapraia.com.br\/index.php\/2022\/12\/25\/brasil-deve-apresentar-alta-de-casos-de-covid-em-2-meses-projeta-infectologista\/","title":{"rendered":"Brasil deve apresentar alta de casos de Covid em 2 meses, projeta infectologista"},"content":{"rendered":"\n<p>A infectologista da\u00a0Rede D\u2019Or, Raquel Muarrek, disse que especialistas hoje t\u00eam trabalhado com a expectativa de que o Brasil volte a ter \u201cmaior incid\u00eancia de casos de\u00a0Covid-19\u00a0em at\u00e9 dois meses\u201d, diante da\u00a0alta transmiss\u00e3o do v\u00edrus na China.<\/p>\n\n\n\n<p>\u201cSupomos que esse movimento aconte\u00e7a, porque temos as festas de final de ano e foi o que aconteceu no come\u00e7o da pandemia, em 2020: a\u00a0China\u00a0come\u00e7ou a apresentar os primeiros casos em dezembro, e a Covid-19 chegou aqui em fevereiro e mar\u00e7o\u201d, disse ela.<\/p>\n\n\n\n<p>A avalia\u00e7\u00e3o \u00e9 de que cerca de\u00a0250 milh\u00f5es de chineses tenham se infectado desde o in\u00edcio de dezembro, segundo dados vazados de autoridades de sa\u00fade do pa\u00eds.\u00a0Se correta, a estimativa \u2013 que a\u00a0<strong>CNN<\/strong>\u00a0n\u00e3o pode confirmar de forma independente \u2013 representaria cerca de 18% dos 1,4 bilh\u00e3o de habitantes do pa\u00eds e seria o maior surto de Covid-19 at\u00e9 hoje em todo o mundo.<\/p>\n\n\n\n<p>Na leitura de Muarrek, essa onda de transmiss\u00f5es tem potencial para alcan\u00e7ar o Brasil gra\u00e7as ao \u201cmundo globalizado\u201d.<\/p>\n\n\n\n<p>\u201cO ir e vir, principalmente nesse per\u00edodo de festas de fim de ano, \u00e9 mais intenso\u201d, explica.<\/p>\n\n\n\n<p>A infectologista ainda ressalta que, embora boa parte da popula\u00e7\u00e3o brasileira esteja vacinada com duas doses de refor\u00e7o, a vacina aplicada precisa ser atualizada \u2014 o que ela chama \u201cde segunda gera\u00e7\u00e3o\u201d \u2014 para \u201cmelhorar a resposta imune e diminuir a infec\u00e7\u00e3o no pa\u00eds\u201d.<\/p>\n\n\n\n<p>\u201cQuanto mais casos, mais muta\u00e7\u00f5es e mais gravidade, porque o v\u00edrus pode burlar a vacina e voltar a ter alta incid\u00eancia\u201d, disse.<\/p>\n\n\n\n<p>CNN<\/p>\n","protected":false},"excerpt":{"rendered":"<p>A infectologista da\u00a0Rede D\u2019Or, Raquel Muarrek, disse que especialistas hoje t\u00eam trabalhado com a expectativa de que o Brasil volte a ter \u201cmaior incid\u00eancia de casos de\u00a0Covid-19\u00a0em at\u00e9 dois meses\u201d, diante da\u00a0alta transmiss\u00e3o do v\u00edrus na China. \u201cSupomos que esse movimento aconte\u00e7a, porque temos as festas de final de ano e foi o que aconteceu [&hellip;]<\/p>\n","protected":false},"author":2,"featured_media":41196,"comment_status":"open","ping_status":"open","sticky":false,"template":"","format":"standard","meta":{"advanced_seo_description":"","jetpack_seo_html_title":"","jetpack_seo_noindex":false,"_jetpack_memberships_contains_paid_content":false,"footnotes":""},"categories":[50],"tags":[],"class_list":{"0":"post-41193","1":"post","2":"type-post","3":"status-publish","4":"format-standard","5":"has-post-thumbnail","7":"category-saude"},"jetpack_featured_media_url":"https:\/\/www.paranapraia.com.br\/wp-content\/uploads\/2022\/12\/asa-2.png","jetpack_sharing_enabled":true,"_links":{"self":[{"href":"https:\/\/www.paranapraia.com.br\/index.php\/wp-json\/wp\/v2\/posts\/41193"}],"collection":[{"href":"https:\/\/www.paranapraia.com.br\/index.php\/wp-json\/wp\/v2\/posts"}],"about":[{"href":"https:\/\/www.paranapraia.com.br\/index.php\/wp-json\/wp\/v2\/types\/post"}],"author":[{"embeddable":true,"href":"https:\/\/www.paranapraia.com.br\/index.php\/wp-json\/wp\/v2\/users\/2"}],"replies":[{"embeddable":true,"href":"https:\/\/www.paranapraia.com.br\/index.php\/wp-json\/wp\/v2\/comments?post=41193"}],"version-history":[{"count":1,"href":"https:\/\/www.paranapraia.com.br\/index.php\/wp-json\/wp\/v2\/posts\/41193\/revisions"}],"predecessor-version":[{"id":41195,"href":"https:\/\/www.paranapraia.com.br\/index.php\/wp-json\/wp\/v2\/posts\/41193\/revisions\/41195"}],"wp:featuredmedia":[{"embeddable":true,"href":"https:\/\/www.paranapraia.com.br\/index.php\/wp-json\/wp\/v2\/media\/41196"}],"wp:attachment":[{"href":"https:\/\/www.paranapraia.com.br\/index.php\/wp-json\/wp\/v2\/media?parent=41193"}],"wp:term":[{"taxonomy":"category","embeddable":true,"href":"https:\/\/www.paranapraia.com.br\/index.php\/wp-json\/wp\/v2\/categories?post=41193"},{"taxonomy":"post_tag","embeddable":true,"href":"https:\/\/www.paranapraia.com.br\/index.php\/wp-json\/wp\/v2\/tags?post=41193"}],"curies":[{"name":"wp","href":"https:\/\/api.w.org\/{rel}","templated":true}]}}