{"id":4119,"date":"2019-04-02T13:15:25","date_gmt":"2019-04-02T16:15:25","guid":{"rendered":"https:\/\/www.paranapraia.com.br\/?p=4119"},"modified":"2019-04-02T13:15:26","modified_gmt":"2019-04-02T16:15:26","slug":"dia-mundial-do-autismo-veja-dez-sinais-de-alerta-para-detectar-o-transtorno","status":"publish","type":"post","link":"https:\/\/www.paranapraia.com.br\/index.php\/2019\/04\/02\/dia-mundial-do-autismo-veja-dez-sinais-de-alerta-para-detectar-o-transtorno\/","title":{"rendered":"Dia Mundial do Autismo: veja dez sinais de alerta para detectar o transtorno"},"content":{"rendered":"\n<h4 class=\"wp-block-heading\">A condi\u00e7\u00e3o tem graus vari\u00e1veis, podendo se apresentar de forma leve, como a s\u00edndrome de Aspeger, ou grave, quando h\u00e1 maior comprometimento cognitivo<\/h4>\n\n\n\n<p>Nesta ter\u00e7a-feira, 2, \u00e9 celebrado o Dia Mundial do Autismo, data proposta para aumentar a conscientiza\u00e7\u00e3o sobre esse transtorno que acomete pessoas de todas as classes sociais e etnias. .<\/p>\n\n\n\n<p>Tamb\u00e9m conhecido como transtorno do espectro autista (TEA), o diagn\u00f3stico \u00e9 cl\u00ednico, ou seja, baseado nos sintomas e comportamento da pessoa. Na avalia\u00e7\u00e3o, os profissionais identificam se h\u00e1 preju\u00edzos na intera\u00e7\u00e3o social, na linguagem e comunica\u00e7\u00e3o e padr\u00f5es repetitivos de comportamento.<\/p>\n\n\n\n<p>Para auxiliar pais, professores ou outros respons\u00e1veis por crian\u00e7as, profissionais da Apae S\u00e3o Paulo, organiza\u00e7\u00e3o que atua no tratamento de defici\u00eancias intelectuais, enumeraram dez sinais de alerta que podem indicar transtorno do espectro autista. \u00c9 importante salientar que apenas uma das caracter\u00edsticas n\u00e3o \u00e9 sin\u00f4nimo de autismo, mas um conjunto de comportamentos \u00e9 que identifica o transtorno.<\/p>\n\n\n\n<p>O material foi preparado pelos psic\u00f3logos e neuropsic\u00f3logos Andr\u00e9 Luiz de Sousa, Cindy Mour\u00e3o, Regina Viana Nojoza e Luciana Mello Di Benedetto, do Ambulat\u00f3rio de Diagn\u00f3stico da institui\u00e7\u00e3o Veja abaixo os sinais de alerta:<\/p>\n\n\n\n<p>1. Pouco contato visual: a crian\u00e7a n\u00e3o olha quando \u00e9 chamada pelo nome ou n\u00e3o sustenta o olhar.<\/p>\n\n\n\n<p>2. N\u00e3o interagir com outras pessoas: essa \u00e9 uma das principais caracter\u00edsticas do autismo. Sorrisos, gestos ou conversas s\u00e3o de pouco interesse de pessoas com essa condi\u00e7\u00e3o.<\/p>\n\n\n\n<p>3. Beb\u00eas que n\u00e3o fazem jogo de imita\u00e7\u00e3o: os beb\u00eas come\u00e7am a imitar atitudes e comportamentos por volta dos seis a oito meses de vida. Portanto, deve-se ficar atento quanto \u00e0 aus\u00eancia desse comportamento.<\/p>\n\n\n\n<p>4. N\u00e3o atender quando chamado pelo nome: a crian\u00e7a pode parecer desatenta, sem demonstrar interesse pelo que se passa ao redor.<\/p>\n\n\n\n<p>5. Dificuldade em aten\u00e7\u00e3o compartilhada: n\u00e3o demonstra interesse em brincadeiras coletivas e parece n\u00e3o entender as brincadeiras.<\/p>\n\n\n\n<p>6. Atraso na fala: crian\u00e7a acima de dois anos que n\u00e3o fala palavras ou frases deve receber maior aten\u00e7\u00e3o.<\/p>\n\n\n\n<p>7. N\u00e3o usar a comunica\u00e7\u00e3o n\u00e3o verbal: a crian\u00e7a, geralmente, n\u00e3o usa as m\u00e3os para indicar algo que quer.<\/p>\n\n\n\n<p>8. Comportamentos sensoriais incomuns: a pessoa se incomoda com barulhos altos, por vezes colocando as m\u00e3os nos ouvidos diante de tais est\u00edmulos, n\u00e3o gosta do toque de outras pessoas e pode se irritar com abra\u00e7os e carinho.<\/p>\n\n\n\n<p>BandaB<\/p>\n","protected":false},"excerpt":{"rendered":"<p>A condi\u00e7\u00e3o tem graus vari\u00e1veis, podendo se apresentar de forma leve, como a s\u00edndrome de Aspeger, ou grave, quando h\u00e1 maior comprometimento cognitivo Nesta ter\u00e7a-feira, 2, \u00e9 celebrado o Dia Mundial do Autismo, data proposta para aumentar a conscientiza\u00e7\u00e3o sobre esse transtorno que acomete pessoas de todas as classes sociais e etnias. . Tamb\u00e9m conhecido [&hellip;]<\/p>\n","protected":false},"author":2,"featured_media":4120,"comment_status":"open","ping_status":"open","sticky":false,"template":"","format":"standard","meta":{"advanced_seo_description":"","jetpack_seo_html_title":"","jetpack_seo_noindex":false,"_jetpack_memberships_contains_paid_content":false,"footnotes":""},"categories":[1],"tags":[],"class_list":{"0":"post-4119","1":"post","2":"type-post","3":"status-publish","4":"format-standard","5":"has-post-thumbnail","7":"category-sem-categoria"},"jetpack_featured_media_url":"https:\/\/www.paranapraia.com.br\/wp-content\/uploads\/2019\/04\/autismo.jpg","jetpack_sharing_enabled":true,"_links":{"self":[{"href":"https:\/\/www.paranapraia.com.br\/index.php\/wp-json\/wp\/v2\/posts\/4119"}],"collection":[{"href":"https:\/\/www.paranapraia.com.br\/index.php\/wp-json\/wp\/v2\/posts"}],"about":[{"href":"https:\/\/www.paranapraia.com.br\/index.php\/wp-json\/wp\/v2\/types\/post"}],"author":[{"embeddable":true,"href":"https:\/\/www.paranapraia.com.br\/index.php\/wp-json\/wp\/v2\/users\/2"}],"replies":[{"embeddable":true,"href":"https:\/\/www.paranapraia.com.br\/index.php\/wp-json\/wp\/v2\/comments?post=4119"}],"version-history":[{"count":1,"href":"https:\/\/www.paranapraia.com.br\/index.php\/wp-json\/wp\/v2\/posts\/4119\/revisions"}],"predecessor-version":[{"id":4121,"href":"https:\/\/www.paranapraia.com.br\/index.php\/wp-json\/wp\/v2\/posts\/4119\/revisions\/4121"}],"wp:featuredmedia":[{"embeddable":true,"href":"https:\/\/www.paranapraia.com.br\/index.php\/wp-json\/wp\/v2\/media\/4120"}],"wp:attachment":[{"href":"https:\/\/www.paranapraia.com.br\/index.php\/wp-json\/wp\/v2\/media?parent=4119"}],"wp:term":[{"taxonomy":"category","embeddable":true,"href":"https:\/\/www.paranapraia.com.br\/index.php\/wp-json\/wp\/v2\/categories?post=4119"},{"taxonomy":"post_tag","embeddable":true,"href":"https:\/\/www.paranapraia.com.br\/index.php\/wp-json\/wp\/v2\/tags?post=4119"}],"curies":[{"name":"wp","href":"https:\/\/api.w.org\/{rel}","templated":true}]}}