{"id":41182,"date":"2022-12-25T20:26:06","date_gmt":"2022-12-25T23:26:06","guid":{"rendered":"https:\/\/www.paranapraia.com.br\/?p=41182"},"modified":"2022-12-25T20:26:07","modified_gmt":"2022-12-25T23:26:07","slug":"bezerra-nasce-com-mancha-em-formato-de-coracao-na-cabeca","status":"publish","type":"post","link":"https:\/\/www.paranapraia.com.br\/index.php\/2022\/12\/25\/bezerra-nasce-com-mancha-em-formato-de-coracao-na-cabeca\/","title":{"rendered":"Bezerra nasce com mancha em formato de cora\u00e7\u00e3o na cabe\u00e7a"},"content":{"rendered":"\n<p>Uma bezerra chamou a aten\u00e7\u00e3o ao nascer com uma mancha branca em formato de cora\u00e7\u00e3o. O bicho vive em\u00a0Palmeira, nos Campos Gerais do Paran\u00e1.\u00a0<\/p>\n\n\n\n<p>O detalhe na cabe\u00e7a da bezerra surpreendeu o dono da propriedade, Jeferson Guilherme Pinto, que contou nunca ter visto algo parecido.<\/p>\n\n\n\n<p>Propriet\u00e1rio de uma pecu\u00e1ria de compra e venda de gado na \u00e1rea rural do munic\u00edpio, ele escolheu chamar a bezerra de Cora\u00e7\u00e3o.<\/p>\n\n\n\n<p>Ele tamb\u00e9m frisou que Cora\u00e7\u00e3o \u00e9 forte e sadia, al\u00e9m de carinhosa e bastante esperta.<\/p>\n\n\n\n<p>O professor doutor em medicina veterin\u00e1ria Ivan Barros, da Universidade Federal do Paran\u00e1 (UFPR), explica que a mancha em formato de cora\u00e7\u00e3o foi uma feliz coincid\u00eancia e demonstra &#8220;a beleza da variabilidade gen\u00e9tica&#8221;.<\/p>\n\n\n\n<p>Ele explicou que tanto a cor quanto os formatos de manchas na pele e no pelo das vacas t\u00eam rela\u00e7\u00e3o com a gen\u00e9tica.<\/p>\n\n\n\n<h2 class=\"wp-block-heading\">Conviv\u00eancia com outros animais<\/h2>\n\n\n\n<p>A propriedade fica a cerca de cinco quil\u00f4metros da \u00e1rea central de Palmeira. L\u00e1, a bezerra convive com outros animais, como cachorros. E ela se d\u00e1 bem com todos.<\/p>\n\n\n\n<p>Um outro bezerro criado no local \u00e9 companheiro di\u00e1rio de Cora\u00e7\u00e3o.<\/p>\n\n\n\n<p>A m\u00e3e da bezerra j\u00e1 foi vendida. Ent\u00e3o, Cora\u00e7\u00e3o \u00e9 alimentada de ra\u00e7\u00e3o e leite, que recebe em uma mamadeira. Todos os dias, a bebida \u00e9 tirada de outras vacas da fazenda.<\/p>\n\n\n\n<figure class=\"wp-block-image\"><img decoding=\"async\" src=\"https:\/\/s2.glbimg.com\/nQYUlujVVqu-dzdwMHb8NxPw_0Q=\/0x0:4624x2600\/984x0\/smart\/filters:strip_icc()\/i.s3.glbimg.com\/v1\/AUTH_59edd422c0c84a879bd37670ae4f538a\/internal_photos\/bs\/2022\/a\/p\/j4QhMjRGuDPC9Y1PkJnQ\/img-20221224-093404.jpg\" alt=\"Bezerra nasce com mancha em formato de cora\u00e7\u00e3o na cabe\u00e7a \u2014 Foto: RPC\"\/><\/figure>\n\n\n\n<p>Bezerra nasce com mancha em formato de cora\u00e7\u00e3o na cabe\u00e7a \u2014 Foto: RPC<\/p>\n\n\n\n<p>G1PR<\/p>\n","protected":false},"excerpt":{"rendered":"<p>Uma bezerra chamou a aten\u00e7\u00e3o ao nascer com uma mancha branca em formato de cora\u00e7\u00e3o. O bicho vive em\u00a0Palmeira, nos Campos Gerais do Paran\u00e1.\u00a0 O detalhe na cabe\u00e7a da bezerra surpreendeu o dono da propriedade, Jeferson Guilherme Pinto, que contou nunca ter visto algo parecido. Propriet\u00e1rio de uma pecu\u00e1ria de compra e venda de gado [&hellip;]<\/p>\n","protected":false},"author":2,"featured_media":41183,"comment_status":"open","ping_status":"open","sticky":false,"template":"","format":"standard","meta":{"advanced_seo_description":"","jetpack_seo_html_title":"","jetpack_seo_noindex":false,"_jetpack_memberships_contains_paid_content":false,"footnotes":""},"categories":[43],"tags":[],"class_list":{"0":"post-41182","1":"post","2":"type-post","3":"status-publish","4":"format-standard","5":"has-post-thumbnail","7":"category-cotidiano"},"jetpack_featured_media_url":"https:\/\/www.paranapraia.com.br\/wp-content\/uploads\/2022\/12\/WhatsApp-Image-2022-12-25-at-20.19.01.jpeg","jetpack_sharing_enabled":true,"_links":{"self":[{"href":"https:\/\/www.paranapraia.com.br\/index.php\/wp-json\/wp\/v2\/posts\/41182"}],"collection":[{"href":"https:\/\/www.paranapraia.com.br\/index.php\/wp-json\/wp\/v2\/posts"}],"about":[{"href":"https:\/\/www.paranapraia.com.br\/index.php\/wp-json\/wp\/v2\/types\/post"}],"author":[{"embeddable":true,"href":"https:\/\/www.paranapraia.com.br\/index.php\/wp-json\/wp\/v2\/users\/2"}],"replies":[{"embeddable":true,"href":"https:\/\/www.paranapraia.com.br\/index.php\/wp-json\/wp\/v2\/comments?post=41182"}],"version-history":[{"count":1,"href":"https:\/\/www.paranapraia.com.br\/index.php\/wp-json\/wp\/v2\/posts\/41182\/revisions"}],"predecessor-version":[{"id":41184,"href":"https:\/\/www.paranapraia.com.br\/index.php\/wp-json\/wp\/v2\/posts\/41182\/revisions\/41184"}],"wp:featuredmedia":[{"embeddable":true,"href":"https:\/\/www.paranapraia.com.br\/index.php\/wp-json\/wp\/v2\/media\/41183"}],"wp:attachment":[{"href":"https:\/\/www.paranapraia.com.br\/index.php\/wp-json\/wp\/v2\/media?parent=41182"}],"wp:term":[{"taxonomy":"category","embeddable":true,"href":"https:\/\/www.paranapraia.com.br\/index.php\/wp-json\/wp\/v2\/categories?post=41182"},{"taxonomy":"post_tag","embeddable":true,"href":"https:\/\/www.paranapraia.com.br\/index.php\/wp-json\/wp\/v2\/tags?post=41182"}],"curies":[{"name":"wp","href":"https:\/\/api.w.org\/{rel}","templated":true}]}}