{"id":41177,"date":"2022-12-25T19:32:14","date_gmt":"2022-12-25T22:32:14","guid":{"rendered":"https:\/\/www.paranapraia.com.br\/?p=41177"},"modified":"2022-12-25T19:33:44","modified_gmt":"2022-12-25T22:33:44","slug":"restricao-de-circulacao-de-caminhoes-na-br-277-e-na-br-376-termina-segunda-26-e-volta-no-ano-novo-veja-dias-e-horarios","status":"publish","type":"post","link":"https:\/\/www.paranapraia.com.br\/index.php\/2022\/12\/25\/restricao-de-circulacao-de-caminhoes-na-br-277-e-na-br-376-termina-segunda-26-e-volta-no-ano-novo-veja-dias-e-horarios\/","title":{"rendered":"Restri\u00e7\u00e3o de circula\u00e7\u00e3o de caminh\u00f5es na BR-277 e na BR-376 termina dia 26 e volta no Ano Novo; saiba mais"},"content":{"rendered":"\n<p>A circula\u00e7\u00e3o de ve\u00edculos de carga articulados como cegonhas, bitrens e carretas fica restrita das 6h at\u00e9 o meio dia desta segunda-feira (26) em trechos da BR-376 e da BR-277.&nbsp;<strong><em>Veja os pontos restritos mais abaixo.<\/em><\/strong><\/p>\n\n\n\n<p>A medida come\u00e7ou a valer na semana passada e tenta aliviar o tr\u00e2nsito diante das restri\u00e7\u00f5es causadas por deslizamentos nas duas estradas. Alguns pontos das rodovias ainda est\u00e3o parcialmente bloqueados.<\/p>\n\n\n\n<p>De acordo com a Pol\u00edcia Rodovi\u00e1ria Federal (PRF), na BR-376, que liga o Paran\u00e1 ao sul do Brasil, a proibi\u00e7\u00e3o \u00e9 nos dois sentidos. Na BR- 277, importante acesso litoral do estado e ao porto de\u00a0Paranagu\u00e1\u00a0&#8211; terceiro maior porto de cont\u00eaineres do Brasil, a restri\u00e7\u00e3o nesta segunda \u00e9 no sentido\u00a0Curitiba.<\/p>\n\n\n\n<p>N\u00e3o haver\u00e1 restri\u00e7\u00e3o de circula\u00e7\u00e3o de 12h01 desta segunda-feira (26) at\u00e9 o meio dia de 30 de dezembro.<\/p>\n\n\n\n<p>As restri\u00e7\u00f5es de circula\u00e7\u00e3o de ve\u00edculos na travessia do ferry boat em\u00a0Guaratuba, no litoral do Paran\u00e1, v\u00e3o at\u00e9 o fim de fevereiro.\u00a0<strong><em>Veja a seguir como funciona.<\/em><\/strong><\/p>\n\n\n\n<h2 class=\"wp-block-heading\">BR-376<\/h2>\n\n\n\n<p>A restri\u00e7\u00e3o de ve\u00edculos articuladas \u00e9 entre os km 662 e 682 \u2013 entre o posto da PRF, em Tijucas do Sul, no litoral do estado, e a pra\u00e7a de ped\u00e1gio de\u00a0Garuva, em Santa Catarina.<\/p>\n\n\n\n<p>Segundo a PRF, os per\u00edodos de restri\u00e7\u00e3o para os ve\u00edculos pesados acontecem nos seguintes dias e hor\u00e1rios:<\/p>\n\n\n\n<ul class=\"wp-block-list\"><li><strong>Segunda-feira (26):<\/strong>&nbsp;6h \u00e0s 12h nos dois sentidos.<\/li><li>Dia&nbsp;<strong>30 de dezembro:<\/strong>&nbsp;das 14h \u00e0 0h nos dois sentidos;<\/li><li>Dia&nbsp;<strong>31 de dezembro:<\/strong>&nbsp;6h \u00e0s 18h nos dois sentidos;<\/li><li>Dia&nbsp;<strong>1\u00ba de janeiro:&nbsp;<\/strong>14h at\u00e9 0h nos dois sentidos;<\/li><li>Dia&nbsp;<strong>2 de janeiro:<\/strong>&nbsp;6h \u00e0s 12h nos dois sentidos.<\/li><\/ul>\n\n\n\n<p>De acordo com a concession\u00e1ria Arteris Litoral Sul, motoristas que forem passar pela BR-376 entre o Paran\u00e1 e Santa Catarina v\u00e3o passar por um desvio na altura dos km 668 e km 669.<\/p>\n\n\n\n<p>O desvio tem cerca de 800 metros e, segundo a empresa e a Pol\u00edcia Rodovi\u00e1ria Federal (PRF), motoristas devem respeitar as sinaliza\u00e7\u00f5es e a velocidade reduzida no local.https:\/\/89c2aea50917deb792052658e062d90f.safeframe.googlesyndication.com\/safeframe\/1-0-40\/html\/container.html<\/p>\n\n\n\n<figure class=\"wp-block-image\"><img decoding=\"async\" src=\"https:\/\/s2.glbimg.com\/f8LrxaqDXEDexCJVwnzMpPKE8yQ=\/0x0:1265x569\/984x0\/smart\/filters:strip_icc()\/i.s3.glbimg.com\/v1\/AUTH_59edd422c0c84a879bd37670ae4f538a\/internal_photos\/bs\/2022\/p\/a\/XZAgb4QL6TYEWMolbn0A\/br-376-na-quinta-8-.png\" alt=\"BR-376 \u00e9 liberada parcialmente nove dias ap\u00f3s deslizamento de terra   \u2014 Foto: RPC Curitiba\"\/><\/figure>\n\n\n\n<p>BR-376 \u00e9 liberada parcialmente nove dias ap\u00f3s deslizamento de terra \u2014 Foto: RPC Curitiba<\/p>\n\n\n\n<p>G1PR<\/p>\n","protected":false},"excerpt":{"rendered":"<p>A circula\u00e7\u00e3o de ve\u00edculos de carga articulados como cegonhas, bitrens e carretas fica restrita das 6h at\u00e9 o meio dia desta segunda-feira (26) em trechos da BR-376 e da BR-277.&nbsp;Veja os pontos restritos mais abaixo. A medida come\u00e7ou a valer na semana passada e tenta aliviar o tr\u00e2nsito diante das restri\u00e7\u00f5es causadas por deslizamentos nas [&hellip;]<\/p>\n","protected":false},"author":2,"featured_media":41178,"comment_status":"open","ping_status":"open","sticky":false,"template":"","format":"standard","meta":{"advanced_seo_description":"","jetpack_seo_html_title":"","jetpack_seo_noindex":false,"_jetpack_memberships_contains_paid_content":false,"footnotes":""},"categories":[40],"tags":[],"class_list":{"0":"post-41177","1":"post","2":"type-post","3":"status-publish","4":"format-standard","5":"has-post-thumbnail","7":"category-destaques"},"jetpack_featured_media_url":"https:\/\/www.paranapraia.com.br\/wp-content\/uploads\/2022\/12\/WhatsApp-Image-2022-12-25-at-19.31.36.jpeg","jetpack_sharing_enabled":true,"_links":{"self":[{"href":"https:\/\/www.paranapraia.com.br\/index.php\/wp-json\/wp\/v2\/posts\/41177"}],"collection":[{"href":"https:\/\/www.paranapraia.com.br\/index.php\/wp-json\/wp\/v2\/posts"}],"about":[{"href":"https:\/\/www.paranapraia.com.br\/index.php\/wp-json\/wp\/v2\/types\/post"}],"author":[{"embeddable":true,"href":"https:\/\/www.paranapraia.com.br\/index.php\/wp-json\/wp\/v2\/users\/2"}],"replies":[{"embeddable":true,"href":"https:\/\/www.paranapraia.com.br\/index.php\/wp-json\/wp\/v2\/comments?post=41177"}],"version-history":[{"count":2,"href":"https:\/\/www.paranapraia.com.br\/index.php\/wp-json\/wp\/v2\/posts\/41177\/revisions"}],"predecessor-version":[{"id":41181,"href":"https:\/\/www.paranapraia.com.br\/index.php\/wp-json\/wp\/v2\/posts\/41177\/revisions\/41181"}],"wp:featuredmedia":[{"embeddable":true,"href":"https:\/\/www.paranapraia.com.br\/index.php\/wp-json\/wp\/v2\/media\/41178"}],"wp:attachment":[{"href":"https:\/\/www.paranapraia.com.br\/index.php\/wp-json\/wp\/v2\/media?parent=41177"}],"wp:term":[{"taxonomy":"category","embeddable":true,"href":"https:\/\/www.paranapraia.com.br\/index.php\/wp-json\/wp\/v2\/categories?post=41177"},{"taxonomy":"post_tag","embeddable":true,"href":"https:\/\/www.paranapraia.com.br\/index.php\/wp-json\/wp\/v2\/tags?post=41177"}],"curies":[{"name":"wp","href":"https:\/\/api.w.org\/{rel}","templated":true}]}}