{"id":4116,"date":"2019-04-02T13:13:16","date_gmt":"2019-04-02T16:13:16","guid":{"rendered":"https:\/\/www.paranapraia.com.br\/?p=4116"},"modified":"2019-04-02T13:13:18","modified_gmt":"2019-04-02T16:13:18","slug":"policial-militar-e-preso-vendendo-fuzil-em-shopping","status":"publish","type":"post","link":"https:\/\/www.paranapraia.com.br\/index.php\/2019\/04\/02\/policial-militar-e-preso-vendendo-fuzil-em-shopping\/","title":{"rendered":"Policial militar \u00e9 preso vendendo fuzil em shopping"},"content":{"rendered":"\n<h4 class=\"wp-block-heading\">O 3.\u00ba sargento F\u00e1bio Henrique Soares, de 39 anos, ingressou na PM h\u00e1 13 anos e trabalhava no 5\u00ba Batalh\u00e3o (Pra\u00e7a da Harmonia)null<\/h4>\n\n\n\n<p>Um policial militar e outros tr\u00eas homens foram presos na tarde desta segunda-feira, dia 1\u00ba, enquanto negociavam a compra de um fuzil, reunidos no estacionamento de um shopping center na Barra da Tijuca, na zona oeste do Rio.<\/p>\n\n\n\n<p>O 3.\u00ba sargento F\u00e1bio Henrique Soares, de 39 anos, ingressou na PM h\u00e1 13 anos e trabalhava no 5\u00ba Batalh\u00e3o (Pra\u00e7a da Harmonia). Quando os policiais chegaram, ele ocupava o banco do motorista do ve\u00edculo; a arma foi encontrada no porta-malas. O carro estava no estacionamento do shopping Downtown. Soares \u00e9 acusado de integrar a quadrilha que vendia a arma.<\/p>\n\n\n\n<p>O fuzil de calibre 5,56 tem uma luneta para uso de atiradores de elite e era oferecido por R$ 60 mil, segundo a Pol\u00edcia Civil. Al\u00e9m de Soares, foram presos Welker Iago Cruz Francisco, de 27 anos, que j\u00e1 foi condenado por tr\u00e1fico de drogas, Bruno Francisco Castro da Costa, de 33 anos, e Thiago de Oliveira da Silva, de 35. A pol\u00edcia n\u00e3o esclareceu qual deles queria comprar o fuzil.<\/p>\n\n\n\n<p>A Pol\u00edcia Militar informou que ainda nesta segunda-feira o policial seria encaminhado para a Unidade Prisional da PM em Niter\u00f3i na regi\u00e3o metropolitana do Rio. At\u00e9 a publica\u00e7\u00e3o desta mat\u00e9ria, a reportagem n\u00e3o havia encontrado representantes do PM e dos demais presos, para que se pronunciassem sobre as acusa\u00e7\u00f5es. O espa\u00e7o est\u00e1 aberto para as manifesta\u00e7\u00f5es.<\/p>\n\n\n\n<p><\/p>\n","protected":false},"excerpt":{"rendered":"<p>O 3.\u00ba sargento F\u00e1bio Henrique Soares, de 39 anos, ingressou na PM h\u00e1 13 anos e trabalhava no 5\u00ba Batalh\u00e3o (Pra\u00e7a da Harmonia)null Um policial militar e outros tr\u00eas homens foram presos na tarde desta segunda-feira, dia 1\u00ba, enquanto negociavam a compra de um fuzil, reunidos no estacionamento de um shopping center na Barra da [&hellip;]<\/p>\n","protected":false},"author":2,"featured_media":4117,"comment_status":"open","ping_status":"open","sticky":false,"template":"","format":"standard","meta":{"advanced_seo_description":"","jetpack_seo_html_title":"","jetpack_seo_noindex":false,"_jetpack_memberships_contains_paid_content":false,"footnotes":""},"categories":[33],"tags":[],"class_list":{"0":"post-4116","1":"post","2":"type-post","3":"status-publish","4":"format-standard","5":"has-post-thumbnail","7":"category-policia"},"jetpack_featured_media_url":"https:\/\/www.paranapraia.com.br\/wp-content\/uploads\/2019\/04\/fuxil.jpg","jetpack_sharing_enabled":true,"_links":{"self":[{"href":"https:\/\/www.paranapraia.com.br\/index.php\/wp-json\/wp\/v2\/posts\/4116"}],"collection":[{"href":"https:\/\/www.paranapraia.com.br\/index.php\/wp-json\/wp\/v2\/posts"}],"about":[{"href":"https:\/\/www.paranapraia.com.br\/index.php\/wp-json\/wp\/v2\/types\/post"}],"author":[{"embeddable":true,"href":"https:\/\/www.paranapraia.com.br\/index.php\/wp-json\/wp\/v2\/users\/2"}],"replies":[{"embeddable":true,"href":"https:\/\/www.paranapraia.com.br\/index.php\/wp-json\/wp\/v2\/comments?post=4116"}],"version-history":[{"count":1,"href":"https:\/\/www.paranapraia.com.br\/index.php\/wp-json\/wp\/v2\/posts\/4116\/revisions"}],"predecessor-version":[{"id":4118,"href":"https:\/\/www.paranapraia.com.br\/index.php\/wp-json\/wp\/v2\/posts\/4116\/revisions\/4118"}],"wp:featuredmedia":[{"embeddable":true,"href":"https:\/\/www.paranapraia.com.br\/index.php\/wp-json\/wp\/v2\/media\/4117"}],"wp:attachment":[{"href":"https:\/\/www.paranapraia.com.br\/index.php\/wp-json\/wp\/v2\/media?parent=4116"}],"wp:term":[{"taxonomy":"category","embeddable":true,"href":"https:\/\/www.paranapraia.com.br\/index.php\/wp-json\/wp\/v2\/categories?post=4116"},{"taxonomy":"post_tag","embeddable":true,"href":"https:\/\/www.paranapraia.com.br\/index.php\/wp-json\/wp\/v2\/tags?post=4116"}],"curies":[{"name":"wp","href":"https:\/\/api.w.org\/{rel}","templated":true}]}}