{"id":4113,"date":"2019-04-02T13:09:34","date_gmt":"2019-04-02T16:09:34","guid":{"rendered":"https:\/\/www.paranapraia.com.br\/?p=4113"},"modified":"2019-04-02T13:09:35","modified_gmt":"2019-04-02T16:09:35","slug":"bombeiros-entram-em-segundo-dia-de-buscas-por-jovem-que-desapareceu-em-lago-de-parque","status":"publish","type":"post","link":"https:\/\/www.paranapraia.com.br\/index.php\/2019\/04\/02\/bombeiros-entram-em-segundo-dia-de-buscas-por-jovem-que-desapareceu-em-lago-de-parque\/","title":{"rendered":"Bombeiros entram em segundo dia de buscas por jovem que desapareceu em lago de parque"},"content":{"rendered":"\n<h4 class=\"wp-block-heading\">Ele desapareceu na tarde de ontem (1) ao se banhar no lago do Parque Na\u00fatico, no bairro Boqueir\u00e3o, em Curitiba<\/h4>\n\n\n\n<p> O Grupo de Opera\u00e7\u00f5es de Socorro T\u00e1tico (Gost) do Corpo de Bombeiros entraram, na manh\u00e3 desta ter\u00e7a-feira (2), no segundo dia de buscas pelo jovem Breno Luiz Alves dos Santos, de\u00a0<strong>25 anos.<\/strong>\u00a0Ele desapareceu na tarde de ontem (1) ao se banhar no lago do Parque Na\u00fatico, no\u00a0<strong>bairro Boqueir\u00e3o<\/strong>, em Curitiba. <\/p>\n\n\n\n<p>Adevonzir Valente, tio do rapaz que desapareceu nas \u00e1guas, disse que a fam\u00edlia espera por respostas. \u201cEst\u00e1 sendo muito dif\u00edcil. Estamos esperando que encontrem o corpo dele para gente ter uma resposta. S\u00f3 encontraram as roupas dele at\u00e9 agora\u201d, lamentou.<\/p>\n\n\n\n<p>As buscas prosseguem durante todo o dia por parte do Gost.<\/p>\n","protected":false},"excerpt":{"rendered":"<p>Ele desapareceu na tarde de ontem (1) ao se banhar no lago do Parque Na\u00fatico, no bairro Boqueir\u00e3o, em Curitiba O Grupo de Opera\u00e7\u00f5es de Socorro T\u00e1tico (Gost) do Corpo de Bombeiros entraram, na manh\u00e3 desta ter\u00e7a-feira (2), no segundo dia de buscas pelo jovem Breno Luiz Alves dos Santos, de\u00a025 anos.\u00a0Ele desapareceu na tarde [&hellip;]<\/p>\n","protected":false},"author":2,"featured_media":4114,"comment_status":"open","ping_status":"open","sticky":false,"template":"","format":"standard","meta":{"advanced_seo_description":"","jetpack_seo_html_title":"","jetpack_seo_noindex":false,"_jetpack_memberships_contains_paid_content":false,"footnotes":""},"categories":[52],"tags":[],"class_list":{"0":"post-4113","1":"post","2":"type-post","3":"status-publish","4":"format-standard","5":"has-post-thumbnail","7":"category-acidentes"},"jetpack_featured_media_url":"https:\/\/www.paranapraia.com.br\/wp-content\/uploads\/2019\/04\/lala.jpeg","jetpack_sharing_enabled":true,"_links":{"self":[{"href":"https:\/\/www.paranapraia.com.br\/index.php\/wp-json\/wp\/v2\/posts\/4113"}],"collection":[{"href":"https:\/\/www.paranapraia.com.br\/index.php\/wp-json\/wp\/v2\/posts"}],"about":[{"href":"https:\/\/www.paranapraia.com.br\/index.php\/wp-json\/wp\/v2\/types\/post"}],"author":[{"embeddable":true,"href":"https:\/\/www.paranapraia.com.br\/index.php\/wp-json\/wp\/v2\/users\/2"}],"replies":[{"embeddable":true,"href":"https:\/\/www.paranapraia.com.br\/index.php\/wp-json\/wp\/v2\/comments?post=4113"}],"version-history":[{"count":1,"href":"https:\/\/www.paranapraia.com.br\/index.php\/wp-json\/wp\/v2\/posts\/4113\/revisions"}],"predecessor-version":[{"id":4115,"href":"https:\/\/www.paranapraia.com.br\/index.php\/wp-json\/wp\/v2\/posts\/4113\/revisions\/4115"}],"wp:featuredmedia":[{"embeddable":true,"href":"https:\/\/www.paranapraia.com.br\/index.php\/wp-json\/wp\/v2\/media\/4114"}],"wp:attachment":[{"href":"https:\/\/www.paranapraia.com.br\/index.php\/wp-json\/wp\/v2\/media?parent=4113"}],"wp:term":[{"taxonomy":"category","embeddable":true,"href":"https:\/\/www.paranapraia.com.br\/index.php\/wp-json\/wp\/v2\/categories?post=4113"},{"taxonomy":"post_tag","embeddable":true,"href":"https:\/\/www.paranapraia.com.br\/index.php\/wp-json\/wp\/v2\/tags?post=4113"}],"curies":[{"name":"wp","href":"https:\/\/api.w.org\/{rel}","templated":true}]}}