{"id":4104,"date":"2019-04-02T12:27:17","date_gmt":"2019-04-02T15:27:17","guid":{"rendered":"https:\/\/www.paranapraia.com.br\/?p=4104"},"modified":"2019-04-02T12:27:18","modified_gmt":"2019-04-02T15:27:18","slug":"sala-do-empreendedor-de-pontal-do-parana-recebe-selo-de-referencia-2018","status":"publish","type":"post","link":"https:\/\/www.paranapraia.com.br\/index.php\/2019\/04\/02\/sala-do-empreendedor-de-pontal-do-parana-recebe-selo-de-referencia-2018\/","title":{"rendered":"Sala do Empreendedor de Pontal do Paran\u00e1 recebe Selo de Refer\u00eancia 2018"},"content":{"rendered":"\n<p>A Sala do Empreendedor de Pontal do Paran\u00e1 recebeu na \u00faltima sexta-feira (29) o Selo Prata de refer\u00eancia no atendimento em 2018, em evento promovido pelo SEBRAE, no Teatro Positivo, em Curitiba. O evento reuniu representantes de diversos munic\u00edpios e premiou as Salas com selos ouro, prata e bronze. Al\u00e9m da premia\u00e7\u00e3o de 2018, a Sala tamb\u00e9m foi selo de refer\u00eancia em 2017.<\/p>\n\n\n\n<figure class=\"wp-block-image\"><img loading=\"lazy\" decoding=\"async\" width=\"984\" height=\"479\" src=\"https:\/\/www.paranapraia.com.br\/wp-content\/uploads\/2019\/04\/WhatsApp-Image-2019-04-02-at-12.26.04.jpeg\" alt=\"\" class=\"wp-image-4107\" srcset=\"https:\/\/www.paranapraia.com.br\/wp-content\/uploads\/2019\/04\/WhatsApp-Image-2019-04-02-at-12.26.04.jpeg 984w, https:\/\/www.paranapraia.com.br\/wp-content\/uploads\/2019\/04\/WhatsApp-Image-2019-04-02-at-12.26.04-300x146.jpeg 300w, https:\/\/www.paranapraia.com.br\/wp-content\/uploads\/2019\/04\/WhatsApp-Image-2019-04-02-at-12.26.04-768x374.jpeg 768w, https:\/\/www.paranapraia.com.br\/wp-content\/uploads\/2019\/04\/WhatsApp-Image-2019-04-02-at-12.26.04-696x339.jpeg 696w, https:\/\/www.paranapraia.com.br\/wp-content\/uploads\/2019\/04\/WhatsApp-Image-2019-04-02-at-12.26.04-863x420.jpeg 863w\" sizes=\"(max-width: 984px) 100vw, 984px\" \/><\/figure>\n\n\n\n<p>A certifica\u00e7\u00e3o foi concedida ap\u00f3s a avalia\u00e7\u00e3o de tr\u00eas pilares: o atendimento, que inclu\u00ed atendimento, estrutura f\u00edsica, qualidade, efetividade e aplicabilidade; a gest\u00e3o, que engloba planejamento, capacita\u00e7\u00e3o do atendente, cadastro de clientes e par\u00e2metros de desempenho; e as solu\u00e7\u00f5es diversas apresentadas para os clientes.<\/p>\n\n\n\n<p>A coordenadora da Sala do Empreendedor, Monalisa Rodrigues, destaca a uni\u00e3o da equipe em atender com excel\u00eancia o empres\u00e1rio pontalense. \u201cA nossa equipe recebe constantemente treinamentos e novos m\u00e9todos de atendimento, al\u00e9m de levar ao empreendedor todas as facilidades e servi\u00e7os\u201d, ressaltou.<\/p>\n\n\n\n<p>O Secret\u00e1rio de Desenvolvimento, Jaime Cousseau, tamb\u00e9m comentou sobre a nova premia\u00e7\u00e3o: \u201c Um novo selo em dois anos seguidos \u00e9 motivo de ter orgulho da equipe, onde sempre procuram estar ainda mais capacitados para o atendimento.&#8221;<\/p>\n\n\n\n<p>O prefeito Marcos Casquinha parabeniza a equipe: \u201cUma equipe determinada alcan\u00e7a muitos objetivos, a Sala \u00e9 refer\u00eancia em atendimento por sua vontade em levar diversas oportunidades para o microempreendedor de Pontal do Paran\u00e1, tamb\u00e9m agradecemos ao Sebrae, que sempre procura inovar na busca pela excel\u00eancia.<\/p>\n\n\n\n<p>Assessoria<\/p>\n","protected":false},"excerpt":{"rendered":"<p>A Sala do Empreendedor de Pontal do Paran\u00e1 recebeu na \u00faltima sexta-feira (29) o Selo Prata de refer\u00eancia no atendimento em 2018, em evento promovido pelo SEBRAE, no Teatro Positivo, em Curitiba. O evento reuniu representantes de diversos munic\u00edpios e premiou as Salas com selos ouro, prata e bronze. Al\u00e9m da premia\u00e7\u00e3o de 2018, a [&hellip;]<\/p>\n","protected":false},"author":2,"featured_media":4106,"comment_status":"open","ping_status":"open","sticky":false,"template":"","format":"standard","meta":{"advanced_seo_description":"","jetpack_seo_html_title":"","jetpack_seo_noindex":false,"_jetpack_memberships_contains_paid_content":false,"footnotes":""},"categories":[40],"tags":[],"class_list":{"0":"post-4104","1":"post","2":"type-post","3":"status-publish","4":"format-standard","5":"has-post-thumbnail","7":"category-destaques"},"jetpack_featured_media_url":"https:\/\/www.paranapraia.com.br\/wp-content\/uploads\/2019\/04\/WhatsApp-Image-2019-04-02-at-12.26.04-1.jpeg","jetpack_sharing_enabled":true,"_links":{"self":[{"href":"https:\/\/www.paranapraia.com.br\/index.php\/wp-json\/wp\/v2\/posts\/4104"}],"collection":[{"href":"https:\/\/www.paranapraia.com.br\/index.php\/wp-json\/wp\/v2\/posts"}],"about":[{"href":"https:\/\/www.paranapraia.com.br\/index.php\/wp-json\/wp\/v2\/types\/post"}],"author":[{"embeddable":true,"href":"https:\/\/www.paranapraia.com.br\/index.php\/wp-json\/wp\/v2\/users\/2"}],"replies":[{"embeddable":true,"href":"https:\/\/www.paranapraia.com.br\/index.php\/wp-json\/wp\/v2\/comments?post=4104"}],"version-history":[{"count":1,"href":"https:\/\/www.paranapraia.com.br\/index.php\/wp-json\/wp\/v2\/posts\/4104\/revisions"}],"predecessor-version":[{"id":4108,"href":"https:\/\/www.paranapraia.com.br\/index.php\/wp-json\/wp\/v2\/posts\/4104\/revisions\/4108"}],"wp:featuredmedia":[{"embeddable":true,"href":"https:\/\/www.paranapraia.com.br\/index.php\/wp-json\/wp\/v2\/media\/4106"}],"wp:attachment":[{"href":"https:\/\/www.paranapraia.com.br\/index.php\/wp-json\/wp\/v2\/media?parent=4104"}],"wp:term":[{"taxonomy":"category","embeddable":true,"href":"https:\/\/www.paranapraia.com.br\/index.php\/wp-json\/wp\/v2\/categories?post=4104"},{"taxonomy":"post_tag","embeddable":true,"href":"https:\/\/www.paranapraia.com.br\/index.php\/wp-json\/wp\/v2\/tags?post=4104"}],"curies":[{"name":"wp","href":"https:\/\/api.w.org\/{rel}","templated":true}]}}