{"id":41033,"date":"2022-12-23T14:51:40","date_gmt":"2022-12-23T17:51:40","guid":{"rendered":"https:\/\/www.paranapraia.com.br\/?p=41033"},"modified":"2022-12-23T14:51:41","modified_gmt":"2022-12-23T17:51:41","slug":"alienacao-de-imoveis-sem-utilidade-publica-arrecada-r-76-milhoes-para-o-estado","status":"publish","type":"post","link":"https:\/\/www.paranapraia.com.br\/index.php\/2022\/12\/23\/alienacao-de-imoveis-sem-utilidade-publica-arrecada-r-76-milhoes-para-o-estado\/","title":{"rendered":"Aliena\u00e7\u00e3o de im\u00f3veis sem utilidade p\u00fablica arrecada R$ 7,6 milh\u00f5es para o Estado"},"content":{"rendered":"\n<p>A Secretaria da Administra\u00e7\u00e3o e da Previd\u00eancia (Seap) realizou na quinta-feira (22) sess\u00e3o p\u00fablica para aliena\u00e7\u00e3o de bens im\u00f3veis desafetados (quando deixam de ter sua destina\u00e7\u00e3o p\u00fablica) do Estado do Paran\u00e1.<\/p>\n\n\n\n<p>Dos quatro lotes que estavam \u00e0 venda, tr\u00eas foram arrematados com lances no estilo maior oferta, em Paranagu\u00e1, em Guarapuava e Quitandinha. Somados, arrecadaram R$ 7.600.000,00. A sess\u00e3o p\u00fablica foi comandada pelo Departamento de Patrim\u00f4nio (DPE) e Departamento de Log\u00edstica para Contrata\u00e7\u00f5es P\u00fablicas (DECON), ambos vinculados a Seap.<\/p>\n\n\n\n<p>A racionaliza\u00e7\u00e3o dos espa\u00e7os p\u00fablicos tem sido uma das prioridades da administra\u00e7\u00e3o p\u00fablica nos \u00faltimos quatro anos e as aliena\u00e7\u00f5es de im\u00f3veis possibilitam viabilizar recursos para novas reformas, amplia\u00e7\u00f5es e aquisi\u00e7\u00e3o de bens necess\u00e1rios no atendimento da popula\u00e7\u00e3o, al\u00e9m de proporcionar que o patrim\u00f4nio desnecess\u00e1rio volte \u00e0 comunidade por meio do uso promovido pelo arrematante.<\/p>\n\n\n\n<p>AEN<\/p>\n","protected":false},"excerpt":{"rendered":"<p>A Secretaria da Administra\u00e7\u00e3o e da Previd\u00eancia (Seap) realizou na quinta-feira (22) sess\u00e3o p\u00fablica para aliena\u00e7\u00e3o de bens im\u00f3veis desafetados (quando deixam de ter sua destina\u00e7\u00e3o p\u00fablica) do Estado do Paran\u00e1. Dos quatro lotes que estavam \u00e0 venda, tr\u00eas foram arrematados com lances no estilo maior oferta, em Paranagu\u00e1, em Guarapuava e Quitandinha. Somados, arrecadaram [&hellip;]<\/p>\n","protected":false},"author":2,"featured_media":41034,"comment_status":"open","ping_status":"open","sticky":false,"template":"","format":"standard","meta":{"advanced_seo_description":"","jetpack_seo_html_title":"","jetpack_seo_noindex":false,"_jetpack_memberships_contains_paid_content":false,"footnotes":""},"categories":[42],"tags":[],"class_list":{"0":"post-41033","1":"post","2":"type-post","3":"status-publish","4":"format-standard","5":"has-post-thumbnail","7":"category-cidades"},"jetpack_featured_media_url":"https:\/\/www.paranapraia.com.br\/wp-content\/uploads\/2022\/12\/imovel_curitiba.jpg","jetpack_sharing_enabled":true,"_links":{"self":[{"href":"https:\/\/www.paranapraia.com.br\/index.php\/wp-json\/wp\/v2\/posts\/41033"}],"collection":[{"href":"https:\/\/www.paranapraia.com.br\/index.php\/wp-json\/wp\/v2\/posts"}],"about":[{"href":"https:\/\/www.paranapraia.com.br\/index.php\/wp-json\/wp\/v2\/types\/post"}],"author":[{"embeddable":true,"href":"https:\/\/www.paranapraia.com.br\/index.php\/wp-json\/wp\/v2\/users\/2"}],"replies":[{"embeddable":true,"href":"https:\/\/www.paranapraia.com.br\/index.php\/wp-json\/wp\/v2\/comments?post=41033"}],"version-history":[{"count":1,"href":"https:\/\/www.paranapraia.com.br\/index.php\/wp-json\/wp\/v2\/posts\/41033\/revisions"}],"predecessor-version":[{"id":41035,"href":"https:\/\/www.paranapraia.com.br\/index.php\/wp-json\/wp\/v2\/posts\/41033\/revisions\/41035"}],"wp:featuredmedia":[{"embeddable":true,"href":"https:\/\/www.paranapraia.com.br\/index.php\/wp-json\/wp\/v2\/media\/41034"}],"wp:attachment":[{"href":"https:\/\/www.paranapraia.com.br\/index.php\/wp-json\/wp\/v2\/media?parent=41033"}],"wp:term":[{"taxonomy":"category","embeddable":true,"href":"https:\/\/www.paranapraia.com.br\/index.php\/wp-json\/wp\/v2\/categories?post=41033"},{"taxonomy":"post_tag","embeddable":true,"href":"https:\/\/www.paranapraia.com.br\/index.php\/wp-json\/wp\/v2\/tags?post=41033"}],"curies":[{"name":"wp","href":"https:\/\/api.w.org\/{rel}","templated":true}]}}