{"id":41030,"date":"2022-12-23T14:49:44","date_gmt":"2022-12-23T17:49:44","guid":{"rendered":"https:\/\/www.paranapraia.com.br\/?p=41030"},"modified":"2022-12-23T14:49:45","modified_gmt":"2022-12-23T17:49:45","slug":"operacao-verao-maior-parana-disponibiliza-um-helicoptero-para-a-regiao-noroeste","status":"publish","type":"post","link":"https:\/\/www.paranapraia.com.br\/index.php\/2022\/12\/23\/operacao-verao-maior-parana-disponibiliza-um-helicoptero-para-a-regiao-noroeste\/","title":{"rendered":"Opera\u00e7\u00e3o Ver\u00e3o Maior Paran\u00e1 disponibiliza um helic\u00f3ptero para a regi\u00e3o Noroeste"},"content":{"rendered":"\n<p>O Governo do Paran\u00e1 disponibilizou um helic\u00f3ptero para atender o Ver\u00e3o Maior Paran\u00e1 nos munic\u00edpios do Noroeste.&nbsp;A aeronave da Casa Militar chegou nesta quinta-feira (22) e estar\u00e1 \u00e0 disposi\u00e7\u00e3o da Pol\u00edcia Militar at\u00e9 o t\u00e9rmino das festividades de Ano Novo.<\/p>\n\n\n\n<p>O acordo foi feito pelo Comando-Geral da Pol\u00edcia Militar, 3\u00ba Comando Regional de Pol\u00edcia Militar, Batalh\u00e3o de Opera\u00e7\u00f5es A\u00e9reas e Casa Militar da Governadoria.<\/p>\n\n\n\n<p>O helic\u00f3ptero ser\u00e1 utilizado para rondas a\u00e9reas na \u00e1rea, em especial aos munic\u00edpios de Porto Rico, distrito de Porto S\u00e3o Jos\u00e9 (S\u00e3o Pedro do Paran\u00e1) e Porto Maring\u00e1 (Marilena), principais pontos tur\u00edsticos da regi\u00e3o Noroeste.<\/p>\n\n\n\n<p>O Corpo de Bombeiros tamb\u00e9m poder\u00e1 utilizar a aeronave para opera\u00e7\u00f5es de salvamento aqu\u00e1tico, se necess\u00e1rio, lan\u00e7ando os guarda vidas para resgate de v\u00edtimas na \u00e1gua.<\/p>\n\n\n\n<p>O comandante da 3\u00aa CIPM, major Alexandro Marcolino Gomes, disse que a aeronave vai ajudar muito nos servi\u00e7os na regi\u00e3o. &#8220;O emprego da aeronave auxiliar\u00e1 nos trabalhos desenvolvidos durante o Ver\u00e3o Maior Paran\u00e1. O envio de um equipamento desses demonstra a import\u00e2ncia que nossa regi\u00e3o tem alcan\u00e7ado, pois milhares de pessoas visitam as cidades e praias de \u00e1gua doce durante o per\u00edodo de f\u00e9rias\u201d, afirmou.<\/p>\n\n\n\n<p><strong>VER\u00c3O MAIOR PARAN\u00c1\u00a0<\/strong>\u2013 O Ver\u00e3o Maior Paran\u00e1 tem a\u00e7\u00f5es voltadas aos veranistas e comunidade local, com atividades esportivas e de lazer, aulas de gin\u00e1stica, dan\u00e7a, caminhadas, recrea\u00e7\u00e3o infantil, torneios e eventos esportivos, al\u00e9m de uma s\u00e9rie de outras pr\u00e1ticas relacionadas ao entretenimento. Acesse o site\u00a0<a rel=\"noreferrer noopener\" href=\"https:\/\/www.verao.pr.gov.br\/\" target=\"_blank\">www.verao.pr.gov.br<\/a>\u00a0e confira a programa\u00e7\u00e3o completa das atra\u00e7\u00f5es promovidas pelo Governo do Estado. As a\u00e7\u00f5es acontecem nos munic\u00edpios do Litoral, al\u00e9m de Porto Rico e S\u00e3o Pedro do Paran\u00e1, no Noroeste do Paran\u00e1.<\/p>\n\n\n\n<p>AEN<\/p>\n","protected":false},"excerpt":{"rendered":"<p>O Governo do Paran\u00e1 disponibilizou um helic\u00f3ptero para atender o Ver\u00e3o Maior Paran\u00e1 nos munic\u00edpios do Noroeste.&nbsp;A aeronave da Casa Militar chegou nesta quinta-feira (22) e estar\u00e1 \u00e0 disposi\u00e7\u00e3o da Pol\u00edcia Militar at\u00e9 o t\u00e9rmino das festividades de Ano Novo. O acordo foi feito pelo Comando-Geral da Pol\u00edcia Militar, 3\u00ba Comando Regional de Pol\u00edcia Militar, [&hellip;]<\/p>\n","protected":false},"author":2,"featured_media":41031,"comment_status":"open","ping_status":"open","sticky":false,"template":"","format":"standard","meta":{"advanced_seo_description":"","jetpack_seo_html_title":"","jetpack_seo_noindex":false,"_jetpack_memberships_contains_paid_content":false,"footnotes":""},"categories":[1],"tags":[],"class_list":{"0":"post-41030","1":"post","2":"type-post","3":"status-publish","4":"format-standard","5":"has-post-thumbnail","7":"category-sem-categoria"},"jetpack_featured_media_url":"https:\/\/www.paranapraia.com.br\/wp-content\/uploads\/2022\/12\/xx.jpg","jetpack_sharing_enabled":true,"_links":{"self":[{"href":"https:\/\/www.paranapraia.com.br\/index.php\/wp-json\/wp\/v2\/posts\/41030"}],"collection":[{"href":"https:\/\/www.paranapraia.com.br\/index.php\/wp-json\/wp\/v2\/posts"}],"about":[{"href":"https:\/\/www.paranapraia.com.br\/index.php\/wp-json\/wp\/v2\/types\/post"}],"author":[{"embeddable":true,"href":"https:\/\/www.paranapraia.com.br\/index.php\/wp-json\/wp\/v2\/users\/2"}],"replies":[{"embeddable":true,"href":"https:\/\/www.paranapraia.com.br\/index.php\/wp-json\/wp\/v2\/comments?post=41030"}],"version-history":[{"count":1,"href":"https:\/\/www.paranapraia.com.br\/index.php\/wp-json\/wp\/v2\/posts\/41030\/revisions"}],"predecessor-version":[{"id":41032,"href":"https:\/\/www.paranapraia.com.br\/index.php\/wp-json\/wp\/v2\/posts\/41030\/revisions\/41032"}],"wp:featuredmedia":[{"embeddable":true,"href":"https:\/\/www.paranapraia.com.br\/index.php\/wp-json\/wp\/v2\/media\/41031"}],"wp:attachment":[{"href":"https:\/\/www.paranapraia.com.br\/index.php\/wp-json\/wp\/v2\/media?parent=41030"}],"wp:term":[{"taxonomy":"category","embeddable":true,"href":"https:\/\/www.paranapraia.com.br\/index.php\/wp-json\/wp\/v2\/categories?post=41030"},{"taxonomy":"post_tag","embeddable":true,"href":"https:\/\/www.paranapraia.com.br\/index.php\/wp-json\/wp\/v2\/tags?post=41030"}],"curies":[{"name":"wp","href":"https:\/\/api.w.org\/{rel}","templated":true}]}}