{"id":41024,"date":"2022-12-23T14:38:18","date_gmt":"2022-12-23T17:38:18","guid":{"rendered":"https:\/\/www.paranapraia.com.br\/?p=41024"},"modified":"2022-12-23T14:38:19","modified_gmt":"2022-12-23T17:38:19","slug":"verao-maior-parana-tera-shows-esporte-lazer-e-reforco-na-seguranca-do-litoral-e-interior","status":"publish","type":"post","link":"https:\/\/www.paranapraia.com.br\/index.php\/2022\/12\/23\/verao-maior-parana-tera-shows-esporte-lazer-e-reforco-na-seguranca-do-litoral-e-interior\/","title":{"rendered":"Ver\u00e3o Maior Paran\u00e1 ter\u00e1 shows, esporte, lazer e refor\u00e7o na seguran\u00e7a do Litoral e Interior"},"content":{"rendered":"\n<p>O governador Carlos Massa Ratinho Junior lan\u00e7ou neste s\u00e1bado (17) o Ver\u00e3o Maior Paran\u00e1, que vai refor\u00e7ar a seguran\u00e7a e levar uma s\u00e9rie de atra\u00e7\u00f5es ao Litoral e \u00e0 Costa Noroeste do Estado durante a temporada. Com shows gratuitos, circo e cinema ao ar livre, eventos esportivos e atividades de recrea\u00e7\u00e3o, a programa\u00e7\u00e3o segue at\u00e9 fevereiro do ano que vem.<\/p>\n\n\n\n<p>A a\u00e7\u00e3o integrada do Governo do Estado busca aprimorar a infraestrutura das praias e balne\u00e1rios paranaenses, al\u00e9m de garantir a sa\u00fade, seguran\u00e7a, lazer e entretenimento aos turistas e moradores locais. &#8220;Queremos que esse seja o maior ver\u00e3o de todos os tempos, j\u00e1 com revitaliza\u00e7\u00e3o que promovemos na&nbsp;<a href=\"https:\/\/www.aen.pr.gov.br\/Noticia\/Comecam-ser-instaladas-pecas-de-concreto-que-vao-preservar-orla-de-Matinhos\" target=\"_blank\" rel=\"noreferrer noopener\">Orla de Matinhos<\/a>&nbsp;e com grandes shows, depois de um hiato de pandemia. O paranaense e o turista v\u00e3o desfrutar de uma estrutura completa em todas as \u00e1reas&#8221;, disse o governador.<\/p>\n\n\n\n<p>\u201cEstamos h\u00e1 seis meses trabalhando para refor\u00e7ar o atendimento no Litoral e no Interior durante a temporada, para que os veranistas sejam recebidos com toda a infraestrutura, organiza\u00e7\u00e3o e os servi\u00e7os necess\u00e1rios para aproveitar o ver\u00e3o no Estado\u201d, completou Helio Wirbiski, coordenador do Ver\u00e3o Maior Paran\u00e1 e superintendente-geral do Esporte.<\/p>\n\n\n\n<p>\u201cTeremos servi\u00e7os completos, com refor\u00e7o na sa\u00fade, seguran\u00e7a, infraestrutura, coleta de lixo e abastecimento de \u00e1gua, al\u00e9m de uma programa\u00e7\u00e3o com mais de 30 shows, eventos culturais, esportivos e muito entretenimento para popula\u00e7\u00e3o\u201d, destacou. \u201cQueremos que todos possam aproveitar esse per\u00edodo da melhor forma poss\u00edvel\u201d.<\/p>\n\n\n\n<p><strong>LAZER E ESPORTE&nbsp;<\/strong>\u2013 As&nbsp;<a href=\"https:\/\/www.aen.pr.gov.br\/Noticia\/Postos-esportivos-do-Estado-no-Litoral-terao-futmesa-beach-tennis-e-intensa-programacao\" target=\"_blank\" rel=\"noreferrer noopener\">atividades esportivas come\u00e7am logo ap\u00f3s o Natal, no dia 26 de dezembro<\/a>. A Superintend\u00eancia Geral do Esporte vai montar seis pontos fixos no Litoral, nas praias de Guaratuba, Caiob\u00e1, Matinhos, Praia de Leste, Ipanema e Shangri-l\u00e1, e contar\u00e1 com tr\u00eas equipes itinerantes e outros dois postos fixos no Noroeste, em Porto Rico e S\u00e3o Pedro do Paran\u00e1.<\/p>\n\n\n\n<p>Uma s\u00e9rie de atividades est\u00e1 prevista para animar os veranistas at\u00e9 31 de janeiro. As a\u00e7\u00f5es s\u00e3o gratuitas e envolvem aulas de gin\u00e1stica, dan\u00e7a, caminhada, recrea\u00e7\u00e3o infantil, avalia\u00e7\u00e3o f\u00edsica, torneios e eventos esportivos. Os postos fixos do Ver\u00e3o Maior Paran\u00e1 estar\u00e3o estruturados com palcos para as aulas, muro de escalada com tirolesa, futmesa e quadras de v\u00f4lei de praia, futebol e beach tennis.<\/p>\n\n\n\n<p>Todas as atividades dos postos ser\u00e3o realizadas de ter\u00e7a a domingo, das 8h \u00e0s 12h e das 15h \u00e0s 19h. Elas s\u00e3o preparadas, acompanhadas e conduzidas por mais de 250 profissionais e acad\u00eamicos de Educa\u00e7\u00e3o F\u00edsica, Turismo, Enfermagem e Comunica\u00e7\u00e3o, contratados pelo Governo do Estado especialmente para o Ver\u00e3o Paran\u00e1. Eles passaram por uma capacita\u00e7\u00e3o para prestarem o melhor atendimento aos veranistas e \u00e0 comunidade litor\u00e2nea.<\/p>\n\n\n\n<p>Al\u00e9m da programa\u00e7\u00e3o cont\u00ednua, o Ver\u00e3o Maior Paran\u00e1 contar\u00e1 com eventos esportivos nos fins de semana, como os Jogos de Aventura e Natureza, Cross Games, Campeonato Paranaense de Beach Soccer, apresenta\u00e7\u00f5es de BMX Freestyle, apresenta\u00e7\u00f5es de Wheeling e outros campeonatos ao longo de 36 dias. Confira&nbsp;<a href=\"https:\/\/www.verao.pr.gov.br\/Pagina\/Atracoes-Esportivas\" target=\"_blank\" rel=\"noreferrer noopener\">AQUI<\/a>&nbsp;o calend\u00e1rio completo dos eventos esportivos.<\/p>\n\n\n\n<p>A Sanepar promove, ainda, o Circuito de Corridas de Ruas Esta\u00e7\u00e3o Ver\u00e3o, que faz parte das comemora\u00e7\u00f5es dos 60 anos da companhia. Ser\u00e3o cinco etapas: a primeira aconteceu em 4 de dezembro, em Curitiba, e as demais ser\u00e3o realizadas at\u00e9 19 de fevereiro em Guaratuba, Morretes, Matinhos e Pontal do Sul. Informa\u00e7\u00f5es e inscri\u00e7\u00f5es est\u00e3o dispon\u00edveis no site neste&nbsp;<a href=\"https:\/\/www.corridassanepar.com.br\/\" target=\"_blank\" rel=\"noreferrer noopener\">LINK<\/a>.<\/p>\n\n\n\n<p><strong>SHOWS&nbsp;<\/strong>\u2013 Shows de m\u00fasicos e bandas consagrados no cen\u00e1rio nacional, como Leonardo, C\u00e9sar Menotti e Fabiano e Samb\u00f4, tamb\u00e9m est\u00e3o na programa\u00e7\u00e3o do Ver\u00e3o Maior Paran\u00e1. Os espet\u00e1culos gratuitos, que iniciam em 6 de janeiro, acontecem na praia de Caiob\u00e1, em Matinhos, e no Balne\u00e1rio Marisol, em Pontal do Paran\u00e1.<\/p>\n\n\n\n<p>Os shows come\u00e7am sempre \u00e0s 20 horas, \u00e0s sextas e s\u00e1bados, at\u00e9 11 de fevereiro. A entrada \u00e9 gratuita e n\u00e3o h\u00e1 necessidade de reservar pulseiras para ter acesso aos espet\u00e1culos. A promo\u00e7\u00e3o dos shows \u00e9 do Governo do Estado, em parceria com a Renault do Brasil.<\/p>\n\n\n\n<p>A programa\u00e7\u00e3o conta ainda com Eduardo Costa, Fernando e Sorocaba, Bruno e Barretto, Guilherme e Santiago, Edson e Hudson, Antony e Gabriel, Jeann e Julio, George Henrique e Rodrigo, Pedro Paulo e Alex, Jo\u00e3o Bosco e Vinicius, Maria Cec\u00edlia e Rodolfo, Trio Parada Dura, Ara Ketu, Dell Cavalini, Grupo Sempre Tem, Alem\u00e3o do Forr\u00f3, Samb\u00f4 e Quinteto S.A. A programa\u00e7\u00e3o completa dos shows pode ser conferida&nbsp;<a href=\"https:\/\/www.verao.pr.gov.br\/Shows-para-curtir-o-Verao\" target=\"_blank\" rel=\"noreferrer noopener\">AQUI<\/a>.<\/p>\n\n\n\n<p><strong>CIRCO E CINEMA&nbsp;<\/strong>\u2013 O projeto Cinema na Pra\u00e7a, promovido pelo Governo do Estado com apoio da Renault do Brasil e da Motion Picture Association, agora desce a serra e se torna o&nbsp;<a href=\"https:\/\/www.aen.pr.gov.br\/Noticia\/Estado-promovera-sessoes-de-cinema-nas-cidades-do-Litoral-durante-temporada\" target=\"_blank\" rel=\"noreferrer noopener\">Cinema na Praia<\/a>. A carreta adaptada com uma tela de cinema, que percorre o Estado com exibi\u00e7\u00f5es gratuitas em cidades com menos de 30 mil habitantes e que n\u00e3o t\u00eam salas comerciais de cinema, estar\u00e1 nas praias paranaenses durante o Ver\u00e3o Maior Paran\u00e1.<\/p>\n\n\n\n<p>Ser\u00e3o projetados, ao ar live, dois filmes por sess\u00e3o, ao longo de 25 dias. \u00c0s 19h ser\u00e1 exibido \u201cO Poderoso Chefinho 2 \u2013 Neg\u00f3cios da Fam\u00edlia\u201d e, \u00e0s 21h, o filme \u201cOs Croods 2 \u2013 Uma Nova Era\u201d. As datas e endere\u00e7o das exibi\u00e7\u00f5es podem ser conferidos&nbsp;<a href=\"https:\/\/www.verao.pr.gov.br\/Pagina\/Cinema-na-Praia\" target=\"_blank\" rel=\"noreferrer noopener\">AQUI<\/a>.<\/p>\n\n\n\n<p>Outra novidade desta temporada ser\u00e1 o Circo na Pra\u00e7a, com espet\u00e1culos gratuitos entre os dias 6 e 26 de janeiro em diferentes balne\u00e1rios. As apresenta\u00e7\u00f5es acontecer\u00e3o nas pra\u00e7as e v\u00e3o contar com monociclos gigantes, m\u00e1gicas e malabarismos.<\/p>\n\n\n\n<p>Al\u00e9m disso, crian\u00e7as e adultos poder\u00e3o assistir \u00e0 pe\u00e7a de teatro Hist\u00f3rias Eletrizantes, promovida pela Copel. A pe\u00e7a interage com as crian\u00e7as mostrando situa\u00e7\u00f5es sobre uso seguro e eficiente da energia. A a\u00e7\u00e3o ser\u00e1 itinerante, entre as praias, para atingir p\u00fablicos diferentes. O cronograma \u00e9 de quinta a domingo, de manh\u00e3 e \u00e0 tarde, e acontece entre os dias 29 de dezembro e 22 de janeiro. Confira&nbsp;<a href=\"https:\/\/www.verao.pr.gov.br\/Pagina\/Atracoes-Culturais\" target=\"_blank\" rel=\"noreferrer noopener\">AQUI<\/a>&nbsp;a programa\u00e7\u00e3o completa.<\/p>\n\n\n\n<p><strong>SEGURAN\u00c7A&nbsp;<\/strong>\u2013 Al\u00e9m de uma programa\u00e7\u00e3o completa de lazer e cultura, uma das principais a\u00e7\u00f5es do Ver\u00e3o Maior Paran\u00e1 \u00e9 o refor\u00e7o na seguran\u00e7a no Litoral e no Interior durante a temporada. A Pol\u00edcia Militar do Paran\u00e1 contar\u00e1 com pontos-base em regi\u00f5es espec\u00edficas do Litoral para o monitoramento do tr\u00e2nsito e fluxo de pessoas, al\u00e9m de a\u00e7\u00f5es preventivas para manter a seguran\u00e7a dos moradores e dos veranistas.<\/p>\n\n\n\n<p>O efetivo da PMPR no Litoral receber\u00e1 um refor\u00e7o de mais de&nbsp;<a href=\"https:\/\/www.aen.pr.gov.br\/Noticia\/Alem-de-dois-helicopteros-e-viatura-inteligente-PM-tera-mais-de-600-policiais-neste-verao\" target=\"_blank\" rel=\"noreferrer noopener\">600 militares estaduais<\/a>. Al\u00e9m dos mais de 360 policiais militares que atuam diariamente nestas cidades, a PMPR deslocou um efetivo de mais 267 que atuar\u00e3o de forma preventiva e repressiva em todas as regi\u00f5es.<\/p>\n\n\n\n<p>Haver\u00e1 o policiamento de equipes do Batalh\u00e3o de Opera\u00e7\u00f5es A\u00e9reas (BPMoa), que vai atuar com dois helic\u00f3pteros, do Batalh\u00e3o de Pol\u00edcia de Choque (BPChoque), do Batalh\u00e3o de Opera\u00e7\u00f5es Policiais Especiais (BPRone) e do Batalh\u00e3o da Pol\u00edcia Rodovi\u00e1ria Estadual. Tamb\u00e9m contar\u00e1 com a participa\u00e7\u00e3o das unidades que integram o Comando de Policiamento Especializado, que ter\u00e3o efetivos deslocados ao Litoral em per\u00edodos com maior circula\u00e7\u00e3o de pessoas, principalmente nas festas de fim de ano.<\/p>\n\n\n\n<p>O Corpo de Bombeiros instalou 91 postos de guarda-vidas, distribu\u00eddos em Paranagu\u00e1 (Ilha do Mel), Morretes, Pontal do Paran\u00e1, Matinhos e Guaratuba. Mais de 600 bombeiros militares e guarda-vidas civis v\u00e3o atuar na preven\u00e7\u00e3o de incidentes e atendimentos emergenciais no Litoral.<\/p>\n\n\n\n<p>Tamb\u00e9m ser\u00e3o distribu\u00eddas pulseirinhas para identifica\u00e7\u00e3o das crian\u00e7as nas praias. O \u00f3rg\u00e3o recebeu um aporte de R$ 2 milh\u00f5es em equipamentos e materiais, al\u00e9m de diversos cursos de forma\u00e7\u00e3o de guarda-vidas e guarda-vidas civil volunt\u00e1rio.<\/p>\n\n\n\n<p>A Costa Noroeste contar\u00e1 com 46 guarda-vidas civis e 13 militares por dia de servi\u00e7o. O efetivo ser\u00e1 distribu\u00eddo em nove postos \u2013 quatro em Porto Rico, tr\u00eas em Porto S\u00e3o Jos\u00e9 (S\u00e3o Pedro do Paran\u00e1) e dois postos no Porto Maring\u00e1 (Marilena). Al\u00e9m disso, o Corpo de Bombeiros ter\u00e1 dois postos em Umuarama, dois em Toledo e Marechal C\u00e2ndido Rondon, um em Foz do Igua\u00e7u, seis em Medianeira e dois em Guarapuava.<\/p>\n\n\n\n<p>Outros \u00f3rg\u00e3os tamb\u00e9m estar\u00e3o presentes no Litoral. Al\u00e9m do refor\u00e7o de servidores e efetivos de grupos especiais que atuar\u00e3o em fins de semana e feriados, a Pol\u00edcia Civil tamb\u00e9m vai disponibilizar dois helic\u00f3pteros do Grupamento de Opera\u00e7\u00f5es A\u00e9reas (GOA). Ser\u00e3o&nbsp;<a href=\"https:\/\/www.aen.pr.gov.br\/Noticia\/Com-helicopteros-e-programas-comunitarios-Policia-Civil-tera-grande-efetivo-na-temporada\" target=\"_blank\" rel=\"noreferrer noopener\">287 servidores<\/a>. J\u00e1 um \u00f4nibus da Delegacia M\u00f3vel (Demafe) vai prestar orienta\u00e7\u00f5es sobre a den\u00fancia de crimes, al\u00e9m de confeccionar RGs, atestados de antecedentes criminais e boletins de ocorr\u00eancias. Tamb\u00e9m haver\u00e1 a\u00e7\u00f5es educativas na orla.<\/p>\n\n\n\n<p>A Pol\u00edcia Cient\u00edfica ter\u00e1 duas bases no Litoral, com profissionais de diferentes \u00e1reas que realizar\u00e3o atividades periciais em toda a regi\u00e3o. Al\u00e9m do trabalho de per\u00edcia, far\u00e1 demonstra\u00e7\u00e3o das ci\u00eancias forenses \u00e0 comunidade. E a Pol\u00edcia Penal ter\u00e1 refor\u00e7o significativo de policiais na regi\u00e3o durante todo ver\u00e3o, para fazer as escoltas e cust\u00f3dias de presos quando necess\u00e1rio, al\u00e9m do aumento do efetivo em suas unidades.<\/p>\n\n\n\n<p><strong>ACESSIBILIDADE&nbsp;<\/strong>\u2013 Pessoas com mobilidade reduzida v\u00e3o poder usufruir com mais conforto das atividades nas praias. O Ver\u00e3o Maior Paran\u00e1 e o projeto Praia Acess\u00edvel disponibilizar\u00e3o cadeiras anf\u00edbias que possibilitam o acesso \u00e0 praia e ao mar em cinco pontos das praias de Guaratuba, Matinhos e Pontal do Paran\u00e1. As cadeiras anf\u00edbias funcionam de ter\u00e7a a domingo, das 9h ao 12h e das 15h \u00e0s 18h, com ajuda de agentes capacitados.<\/p>\n\n\n\n<p>Elas t\u00eam rodas especiais que permitem o deslocamento na areia e no mar, s\u00e3o flutuantes e, por serem mais altas, permitem que as pessoas com defici\u00eancia entrem no mar em uma profundidade segura. Nas praias, uma equipe capacitada auxilia as pessoas em seu uso. Em pontos pr\u00f3ximos \u00e0s cadeiras anf\u00edbias, ser\u00e3o instaladas 190 metros de passarelas de acessibilidade, que facilitam a locomo\u00e7\u00e3o desde as cal\u00e7adas at\u00e9 a beira-mar.<\/p>\n\n\n\n<p><strong>OUTROS SERVI\u00c7OS<\/strong>&nbsp;\u2013 O Governo do Paran\u00e1 vai refor\u00e7ar a estrutura nas unidades de sa\u00fade do Litoral durante toda a temporada, um investimento de&nbsp;<a href=\"https:\/\/www.aen.pr.gov.br\/Noticia\/Estado-investe-R-9-milhoes-para-reforcar-acoes-de-saude-durante-o-Verao-Maior-Parana\" target=\"_blank\" rel=\"noreferrer noopener\">mais de R$ 9 milh\u00f5es<\/a>. O transporte aerom\u00e9dico tamb\u00e9m ficar\u00e1 \u00e0 disposi\u00e7\u00e3o durante todo o per\u00edodo, com um helic\u00f3ptero e um avi\u00e3o para a transfer\u00eancia de pacientes cr\u00edticos.<\/p>\n\n\n\n<p>Para manter as praias sempre limpas, a Sanepar contar\u00e1 com uma equipe respons\u00e1vel pela varri\u00e7\u00e3o e separa\u00e7\u00e3o de res\u00edduos s\u00f3lidos nas areias da orla do Litoral. O servi\u00e7o come\u00e7ou em 13 de dezembro e segue at\u00e9 25 de fevereiro, atendendo as cidades de Guaratuba, Matinhos, Pontal do Paran\u00e1, Guaraque\u00e7aba (Ilha das Pe\u00e7as e Superagui) e Morretes. Al\u00e9m disso, a companhia vai manter em Guaratuba, Matinhos, Pontal do Paran\u00e1 e Morretes a Esta\u00e7\u00e3o Sanepar, que disponibilizar\u00e1 \u00e0 popula\u00e7\u00e3o cadeiras anf\u00edbias, passarelas acess\u00edveis, guarda-s\u00f3is, al\u00e9m da distribui\u00e7\u00e3o de material educativo.<\/p>\n\n\n\n<p>A&nbsp;Copel&nbsp;est\u00e1 executando um amplo plano de a\u00e7\u00f5es para garantir a qualidade do fornecimento de energia \u00e0 popula\u00e7\u00e3o do Litoral e proporcionar conforto aos veranistas durante a temporada de f\u00e9rias. Al\u00e9m de um plano de investimentos na rede el\u00e9trica que totaliza&nbsp;<a href=\"https:\/\/www.aen.pr.gov.br\/Noticia\/Investimentos-de-R-126-milhoes-no-Litoral-reforcam-rede-eletrica-para-temporada-de-verao\" target=\"_blank\" rel=\"noreferrer noopener\">R$ 126,5 milh\u00f5es em obras<\/a>&nbsp;e foi executado ao longo de todo o ano, as medidas incluem uma revis\u00e3o geral da rede, refor\u00e7o nos atendimentos e atividades na areia.<\/p>\n\n\n\n<p>Os boletins de balneabilidade, que divulgam os locais pr\u00f3prios e impr\u00f3prios para banho nas praias e rios do Estado, ser\u00e3o divulgados semanalmente pelo Instituto \u00c1gua e Terra (IAT).<\/p>\n\n\n\n<p><strong>A programa\u00e7\u00e3o completa, not\u00edcias e outras informa\u00e7\u00f5es sobre o Ver\u00e3o Maior Paran\u00e1 podem ser conferidas no site\u00a0<a rel=\"noreferrer noopener\" href=\"https:\/\/www.verao.pr.gov.br\/\" target=\"_blank\">www.verao.pr.gov.br<\/a>.<\/strong><\/p>\n\n\n\n<p>AEN<\/p>\n","protected":false},"excerpt":{"rendered":"<p>O governador Carlos Massa Ratinho Junior lan\u00e7ou neste s\u00e1bado (17) o Ver\u00e3o Maior Paran\u00e1, que vai refor\u00e7ar a seguran\u00e7a e levar uma s\u00e9rie de atra\u00e7\u00f5es ao Litoral e \u00e0 Costa Noroeste do Estado durante a temporada. Com shows gratuitos, circo e cinema ao ar livre, eventos esportivos e atividades de recrea\u00e7\u00e3o, a programa\u00e7\u00e3o segue at\u00e9 [&hellip;]<\/p>\n","protected":false},"author":2,"featured_media":41025,"comment_status":"open","ping_status":"open","sticky":false,"template":"","format":"standard","meta":{"advanced_seo_description":"","jetpack_seo_html_title":"","jetpack_seo_noindex":false,"_jetpack_memberships_contains_paid_content":false,"footnotes":""},"categories":[40],"tags":[],"class_list":{"0":"post-41024","1":"post","2":"type-post","3":"status-publish","4":"format-standard","5":"has-post-thumbnail","7":"category-destaques"},"jetpack_featured_media_url":"https:\/\/www.paranapraia.com.br\/wp-content\/uploads\/2022\/12\/1150170-scaled.jpg","jetpack_sharing_enabled":true,"_links":{"self":[{"href":"https:\/\/www.paranapraia.com.br\/index.php\/wp-json\/wp\/v2\/posts\/41024"}],"collection":[{"href":"https:\/\/www.paranapraia.com.br\/index.php\/wp-json\/wp\/v2\/posts"}],"about":[{"href":"https:\/\/www.paranapraia.com.br\/index.php\/wp-json\/wp\/v2\/types\/post"}],"author":[{"embeddable":true,"href":"https:\/\/www.paranapraia.com.br\/index.php\/wp-json\/wp\/v2\/users\/2"}],"replies":[{"embeddable":true,"href":"https:\/\/www.paranapraia.com.br\/index.php\/wp-json\/wp\/v2\/comments?post=41024"}],"version-history":[{"count":1,"href":"https:\/\/www.paranapraia.com.br\/index.php\/wp-json\/wp\/v2\/posts\/41024\/revisions"}],"predecessor-version":[{"id":41026,"href":"https:\/\/www.paranapraia.com.br\/index.php\/wp-json\/wp\/v2\/posts\/41024\/revisions\/41026"}],"wp:featuredmedia":[{"embeddable":true,"href":"https:\/\/www.paranapraia.com.br\/index.php\/wp-json\/wp\/v2\/media\/41025"}],"wp:attachment":[{"href":"https:\/\/www.paranapraia.com.br\/index.php\/wp-json\/wp\/v2\/media?parent=41024"}],"wp:term":[{"taxonomy":"category","embeddable":true,"href":"https:\/\/www.paranapraia.com.br\/index.php\/wp-json\/wp\/v2\/categories?post=41024"},{"taxonomy":"post_tag","embeddable":true,"href":"https:\/\/www.paranapraia.com.br\/index.php\/wp-json\/wp\/v2\/tags?post=41024"}],"curies":[{"name":"wp","href":"https:\/\/api.w.org\/{rel}","templated":true}]}}