{"id":40923,"date":"2022-12-16T15:56:14","date_gmt":"2022-12-16T18:56:14","guid":{"rendered":"https:\/\/www.paranapraia.com.br\/?p=40923"},"modified":"2022-12-16T15:56:14","modified_gmt":"2022-12-16T18:56:14","slug":"mais-um-dia-d-de-vacinacao-acontece-neste-sabado-em-matinhos","status":"publish","type":"post","link":"https:\/\/www.paranapraia.com.br\/index.php\/2022\/12\/16\/mais-um-dia-d-de-vacinacao-acontece-neste-sabado-em-matinhos\/","title":{"rendered":"Mais um Dia D de vacina\u00e7\u00e3o acontece neste s\u00e1bado em Matinhos"},"content":{"rendered":"\n<p>Acontece neste s\u00e1bado (17) o \u201cDia D\u201d de multivacina\u00e7\u00e3o em algumas Unidades B\u00e1sicas de Sa\u00fade em Matinhos. Ser\u00e3o aplicadas todas as imuniza\u00e7\u00f5es que fazem parte do calend\u00e1rio vacinal. Al\u00e9m disso, haver\u00e1 a atualiza\u00e7\u00e3o das carteirinhas.<\/p>\n\n\n\n<p>Esta ser\u00e1 mais uma etapa da Campanha Nacional de Vacina\u00e7\u00e3o contra a Poliomielite e Multivacina\u00e7\u00e3o de 2022. O objetivo \u00e9 alcan\u00e7ar a cobertura vacinal igual ou maior que 95% para a vacina poliomielite na faixa et\u00e1ria de 1 a menores de 5 anos de idade.<\/p>\n\n\n\n<p>Al\u00e9m disso, reduzir o n\u00famero de n\u00e3o vacinados de crian\u00e7as e adolescentes menores de 15 anos, e melhorar as coberturas vacinais, conforme o Calend\u00e1rio Nacional de Vacina\u00e7\u00e3o. Ainda haver\u00e1 a vacina\u00e7\u00e3o contra a Covid-19, com doses aplicadas para os seguintes grupos:<\/p>\n\n\n\n<p>Astrazeneca\/Oxford acima de 18 anos para 1.\u00aa, 2.\u00aa, 3.\u00aa e 4.\u00aa dose;<br>Pfizer de 12 a 17 anos para 1.\u00aa, 2.\u00aa e 3.\u00aa dose;<br>Pfizer pedi\u00e1trica de 3 a 11 anos para 1.\u00aa e 2.\u00aa dose.<br>O \u201cDia D\u201d de vacina\u00e7\u00e3o neste s\u00e1bado vai das 8 \u00e0s 17 horas nas UBS\u2019s Centro, Riviera, Tabuleiro, Sert\u00e3ozinho e Perequ\u00ea.<\/p>\n\n\n\n<p>Departamento de Comunica\u00e7\u00e3o<\/p>\n\n\n\n<p><\/p>\n","protected":false},"excerpt":{"rendered":"<p>Acontece neste s\u00e1bado (17) o \u201cDia D\u201d de multivacina\u00e7\u00e3o em algumas Unidades B\u00e1sicas de Sa\u00fade em Matinhos. Ser\u00e3o aplicadas todas as imuniza\u00e7\u00f5es que fazem parte do calend\u00e1rio vacinal. Al\u00e9m disso, haver\u00e1 a atualiza\u00e7\u00e3o das carteirinhas. Esta ser\u00e1 mais uma etapa da Campanha Nacional de Vacina\u00e7\u00e3o contra a Poliomielite e Multivacina\u00e7\u00e3o de 2022. O objetivo \u00e9 [&hellip;]<\/p>\n","protected":false},"author":2,"featured_media":40924,"comment_status":"open","ping_status":"open","sticky":false,"template":"","format":"standard","meta":{"advanced_seo_description":"","jetpack_seo_html_title":"","jetpack_seo_noindex":false,"_jetpack_memberships_contains_paid_content":false,"footnotes":""},"categories":[40],"tags":[],"class_list":{"0":"post-40923","1":"post","2":"type-post","3":"status-publish","4":"format-standard","5":"has-post-thumbnail","7":"category-destaques"},"jetpack_featured_media_url":"https:\/\/www.paranapraia.com.br\/wp-content\/uploads\/2022\/12\/320327122_5712196055528652_8579224051305034808_n.jpg","jetpack_sharing_enabled":true,"_links":{"self":[{"href":"https:\/\/www.paranapraia.com.br\/index.php\/wp-json\/wp\/v2\/posts\/40923"}],"collection":[{"href":"https:\/\/www.paranapraia.com.br\/index.php\/wp-json\/wp\/v2\/posts"}],"about":[{"href":"https:\/\/www.paranapraia.com.br\/index.php\/wp-json\/wp\/v2\/types\/post"}],"author":[{"embeddable":true,"href":"https:\/\/www.paranapraia.com.br\/index.php\/wp-json\/wp\/v2\/users\/2"}],"replies":[{"embeddable":true,"href":"https:\/\/www.paranapraia.com.br\/index.php\/wp-json\/wp\/v2\/comments?post=40923"}],"version-history":[{"count":1,"href":"https:\/\/www.paranapraia.com.br\/index.php\/wp-json\/wp\/v2\/posts\/40923\/revisions"}],"predecessor-version":[{"id":40925,"href":"https:\/\/www.paranapraia.com.br\/index.php\/wp-json\/wp\/v2\/posts\/40923\/revisions\/40925"}],"wp:featuredmedia":[{"embeddable":true,"href":"https:\/\/www.paranapraia.com.br\/index.php\/wp-json\/wp\/v2\/media\/40924"}],"wp:attachment":[{"href":"https:\/\/www.paranapraia.com.br\/index.php\/wp-json\/wp\/v2\/media?parent=40923"}],"wp:term":[{"taxonomy":"category","embeddable":true,"href":"https:\/\/www.paranapraia.com.br\/index.php\/wp-json\/wp\/v2\/categories?post=40923"},{"taxonomy":"post_tag","embeddable":true,"href":"https:\/\/www.paranapraia.com.br\/index.php\/wp-json\/wp\/v2\/tags?post=40923"}],"curies":[{"name":"wp","href":"https:\/\/api.w.org\/{rel}","templated":true}]}}