{"id":40920,"date":"2022-12-16T15:39:39","date_gmt":"2022-12-16T18:39:39","guid":{"rendered":"https:\/\/www.paranapraia.com.br\/?p=40920"},"modified":"2022-12-16T15:39:39","modified_gmt":"2022-12-16T18:39:39","slug":"trabalho-de-pessoas-privadas-de-liberdade-melhora-espacos-publicos-em-guaratuba-no-litoral","status":"publish","type":"post","link":"https:\/\/www.paranapraia.com.br\/index.php\/2022\/12\/16\/trabalho-de-pessoas-privadas-de-liberdade-melhora-espacos-publicos-em-guaratuba-no-litoral\/","title":{"rendered":"Trabalho de pessoas privadas de liberdade melhora espa\u00e7os p\u00fablicos em Guaratuba, no Litoral"},"content":{"rendered":"\n<p>A Pol\u00edcia Penal do Paran\u00e1 oferece a oportunidade de pessoas privadas de liberdade realizarem servi\u00e7os de limpeza, manuten\u00e7\u00e3o e recupera\u00e7\u00e3o dos espa\u00e7os p\u00fablicos, auxiliando nas atividades das secretarias municipais. \u00c9 o que acontece no Litoral, por meio de um acordo firmado entre a regional de cadeias de Curitiba e a Prefeitura de Guaratuba. S\u00e3o disponibilizados, diariamente, at\u00e9 12 presos para atender a demanda do projeto.<\/p>\n\n\n\n<p>Desde a publica\u00e7\u00e3o do conv\u00eanio, em julho deste ano, j\u00e1 foram recuperados o Pronto Socorro do Hospital e Maternidade de Guaratuba, o pr\u00e9dio da Epidemiologia, o pr\u00e9dio anexo ao Samu, a Farm\u00e1cia B\u00e1sica de Sa\u00fade e as Unidades B\u00e1sicas de Sa\u00fade dos bairros Pi\u00e7arras, Mirim e Caieras.<\/p>\n\n\n\n<p>\u201c\u00c9 importante para a Pol\u00edcia Penal do Paran\u00e1 que esse tipo de conv\u00eanio seja conhecido pelas prefeituras de todo o Estado para que possamos ampliar essas oportunidades, tanto para a pessoa privada de liberdade, quanto para a sociedade, que tem esse servi\u00e7o a menor custo\u201d, explica o diretor-geral da Pol\u00edcia Penal do Paran\u00e1, Osvaldo Machado.<\/p>\n\n\n\n<p>Os trabalhadores se beneficiam com a diminui\u00e7\u00e3o da pena e recebem um aux\u00edlio remunerat\u00f3rio, que fica depositado na conta do detento, que recebe o valor acumulado quando lhe \u00e9 concedida a liberdade. A aplica\u00e7\u00e3o desta m\u00e3o de obra nos reparos e manuten\u00e7\u00f5es gera redu\u00e7\u00e3o de 50% nos or\u00e7amentos, em m\u00e9dia, em rela\u00e7\u00e3o \u00e0 execu\u00e7\u00e3o por um trabalhador efetivo, que tem encargos.<\/p>\n\n\n\n<p>O gestor da Cadeia P\u00fablica de Guaratuba, Jo\u00e3o Paulo Schlemper, frisa a import\u00e2ncia do impacto das parcerias entre os \u00f3rg\u00e3os p\u00fablicos na vida das pessoas privadas de liberdade e na economia do Paran\u00e1. \u201cEsse tipo de conv\u00eanio, al\u00e9m de promover a ressocializa\u00e7\u00e3o e reinser\u00e7\u00e3o do detento no mercado de trabalho, garante agilidade na presta\u00e7\u00e3o de servi\u00e7os e economia para os nossos parceiros, o que resulta em mais qualidade de atendimento e economia para o Estado\u201d, afirma.<\/p>\n\n\n\n<p>AEN<\/p>\n","protected":false},"excerpt":{"rendered":"<p>A Pol\u00edcia Penal do Paran\u00e1 oferece a oportunidade de pessoas privadas de liberdade realizarem servi\u00e7os de limpeza, manuten\u00e7\u00e3o e recupera\u00e7\u00e3o dos espa\u00e7os p\u00fablicos, auxiliando nas atividades das secretarias municipais. \u00c9 o que acontece no Litoral, por meio de um acordo firmado entre a regional de cadeias de Curitiba e a Prefeitura de Guaratuba. S\u00e3o disponibilizados, [&hellip;]<\/p>\n","protected":false},"author":2,"featured_media":40921,"comment_status":"open","ping_status":"open","sticky":false,"template":"","format":"standard","meta":{"advanced_seo_description":"","jetpack_seo_html_title":"","jetpack_seo_noindex":false,"_jetpack_memberships_contains_paid_content":false,"footnotes":""},"categories":[40],"tags":[],"class_list":{"0":"post-40920","1":"post","2":"type-post","3":"status-publish","4":"format-standard","5":"has-post-thumbnail","7":"category-destaques"},"jetpack_featured_media_url":"https:\/\/www.paranapraia.com.br\/wp-content\/uploads\/2022\/12\/whatsapp_image_2022-12-15_at_16.58.59_21.jpg","jetpack_sharing_enabled":true,"_links":{"self":[{"href":"https:\/\/www.paranapraia.com.br\/index.php\/wp-json\/wp\/v2\/posts\/40920"}],"collection":[{"href":"https:\/\/www.paranapraia.com.br\/index.php\/wp-json\/wp\/v2\/posts"}],"about":[{"href":"https:\/\/www.paranapraia.com.br\/index.php\/wp-json\/wp\/v2\/types\/post"}],"author":[{"embeddable":true,"href":"https:\/\/www.paranapraia.com.br\/index.php\/wp-json\/wp\/v2\/users\/2"}],"replies":[{"embeddable":true,"href":"https:\/\/www.paranapraia.com.br\/index.php\/wp-json\/wp\/v2\/comments?post=40920"}],"version-history":[{"count":1,"href":"https:\/\/www.paranapraia.com.br\/index.php\/wp-json\/wp\/v2\/posts\/40920\/revisions"}],"predecessor-version":[{"id":40922,"href":"https:\/\/www.paranapraia.com.br\/index.php\/wp-json\/wp\/v2\/posts\/40920\/revisions\/40922"}],"wp:featuredmedia":[{"embeddable":true,"href":"https:\/\/www.paranapraia.com.br\/index.php\/wp-json\/wp\/v2\/media\/40921"}],"wp:attachment":[{"href":"https:\/\/www.paranapraia.com.br\/index.php\/wp-json\/wp\/v2\/media?parent=40920"}],"wp:term":[{"taxonomy":"category","embeddable":true,"href":"https:\/\/www.paranapraia.com.br\/index.php\/wp-json\/wp\/v2\/categories?post=40920"},{"taxonomy":"post_tag","embeddable":true,"href":"https:\/\/www.paranapraia.com.br\/index.php\/wp-json\/wp\/v2\/tags?post=40920"}],"curies":[{"name":"wp","href":"https:\/\/api.w.org\/{rel}","templated":true}]}}