{"id":40917,"date":"2022-12-16T14:50:28","date_gmt":"2022-12-16T17:50:28","guid":{"rendered":"https:\/\/www.paranapraia.com.br\/?p=40917"},"modified":"2022-12-16T14:50:29","modified_gmt":"2022-12-16T17:50:29","slug":"comecam-a-ser-instaladas-as-pecas-de-concreto-que-vao-preservar-a-orla-de-matinhos","status":"publish","type":"post","link":"https:\/\/www.paranapraia.com.br\/index.php\/2022\/12\/16\/comecam-a-ser-instaladas-as-pecas-de-concreto-que-vao-preservar-a-orla-de-matinhos\/","title":{"rendered":"Come\u00e7am a ser instaladas as pe\u00e7as de concreto que v\u00e3o preservar a orla de Matinhos"},"content":{"rendered":"\n<p>Pe\u00e7as fundamentais para evitar poss\u00edveis danos \u00e0s estruturas mar\u00edtimas que est\u00e3o sendo constru\u00eddas no Litoral do Paran\u00e1, os primeiros tetr\u00e1podes come\u00e7aram a ser instalados nesta sexta-feira (16) no espig\u00e3o do Pico de Matinhos. Constru\u00eddos em concreto, eles evitam que a mar\u00e9 alta danifique a base do espig\u00e3o, dos guias-correntes e dos headlands que est\u00e3o sendo instalados ao longo de 6,3 km de orla em Matinhos.<\/p>\n\n\n\n<p>Essa \u00e9 mais uma etapa do Projeto de Recupera\u00e7\u00e3o da Orla de Matinhos, o maior investimento realizado pelo Governo do Estado no Litoral, de R$ 314,9 milh\u00f5es. O pacote de obras vai minimizar os impactos causados por d\u00e9cadas de eros\u00e3o e cheias na regi\u00e3o.&nbsp;Todas as etapas s\u00e3o acompanhadas pelo Instituto \u00c1gua e Terra (IAT).<\/p>\n\n\n\n<p>Ao todo, ser\u00e3o 5.153 tetr\u00e1podes nas cinco estruturas mar\u00edtimas, sendo 477 somente no espig\u00e3o da praia de Caiob\u00e1.&nbsp;As obras est\u00e3o 68% conclu\u00eddas. Ap\u00f3s a instala\u00e7\u00e3o dos tetr\u00e1podes, ser\u00e3o executadas as obras de finaliza\u00e7\u00e3o da estrutura, que ter\u00e1 85 metros de comprimento. A etapa final \u00e9 de implanta\u00e7\u00e3o cal\u00e7ada e paisagismo, que envolve o plantio de \u00e1rvores nativas.<\/p>\n\n\n\n<p>O secret\u00e1rio do Desenvolvimento Sustent\u00e1vel e do Turismo, Everton Souza, explicou que esta fase representa a finaliza\u00e7\u00e3o das estruturas mais r\u00edgidas do espig\u00e3o. \u201c\u00c9 o acabamento da constru\u00e7\u00e3o desta estrutura. O tetr\u00e1pode tem a fun\u00e7\u00e3o de dissipar a energia das ondas e das mar\u00e9s, preservando o n\u00facleo da estrutura constru\u00edda aqui\u201d, disse.<\/p>\n\n\n\n<p>\u201cO espig\u00e3o, os headlands e os guias-correntes possuem fun\u00e7\u00f5es estruturais para preservar a areia que foi depositada no Litoral, mas tamb\u00e9m ir\u00e3o funcionar como um ponto tur\u00edstico para os veranistas e moradores\u201d, afirmou.<\/p>\n\n\n\n<p><strong>TETR\u00c1PODES&nbsp;<\/strong>\u2013 Os tetr\u00e1podes s\u00e3o pe\u00e7as de concreto constru\u00eddos no pr\u00f3prio Litoral, em uma oficina viabilizada pelo Cons\u00f3rcio Sambaqui, vencedor da licita\u00e7\u00e3o p\u00fablica para executar as obras no Litoral do Estado at\u00e9 o ano de 2024. S\u00e3o estruturas de cerca de 3 metros de altura, com 4,3 metros c\u00fabicos de volume, pesando, cada uma, de 10 a 12 toneladas.<\/p>\n\n\n\n<p>Segundo o diretor de Saneamento Ambiental e Recursos H\u00eddricos do IAT, Jos\u00e9 Luis Scroccaro, os tetr\u00e1podes substituem a necessidade de colocar pedras de 20 toneladas no local. \u201cPor ser concentrado e ter em sua forma\u00e7\u00e3o areia, pedra e magnetita, que \u00e9 um material mais denso do que a areia, ele consegue ser mais resistente ao impacto das ondas e ressacas, aumentando a vida \u00fatil das estruturas e, consequentemente, da areia depositada no Litoral\u201d, explicou.<\/p>\n\n\n\n<p>De acordo com o diretor, os tetr\u00e1podes tamb\u00e9m v\u00e3o garantir a manuten\u00e7\u00e3o da &#8220;onda de direita&#8221;, considerada a melhor onda para a&nbsp;<a href=\"https:\/\/www.aen.pr.gov.br\/Noticia\/Com-investimento-de-R-21-milhoes-Matinhos-vai-receber-novo-complexo-esportivo-de-surfe\" target=\"_blank\" rel=\"noreferrer noopener\">pr\u00e1tica do surfe<\/a>, o que vai permitir manter os torneios desta modalidade esportiva no local.<\/p>\n\n\n\n<figure class=\"wp-block-image\"><a href=\"https:\/\/www.aen.pr.gov.br\/Galeria-de-Imagens\/Comecam-ser-instaladas-pecas-de-concreto-que-vao-preservar-estruturas-da-orla-de#&amp;gid=1&amp;pid=9\"><img decoding=\"async\" src=\"https:\/\/www.aen.pr.gov.br\/sites\/default\/arquivos_restritos\/files\/imagem\/2022-12\/praia_24_0.jpg\" alt=\"Come\u00e7am a ser instaladas as pe\u00e7as de concreto que v\u00e3o preservar a orla de Matinhos\"\/><\/a><figcaption>Ao todo, ser\u00e3o 5.153 tetr\u00e1podes nas cinco estruturas mar\u00edtimas. Foto: Gilson Abreu\/AEN<\/figcaption><\/figure>\n\n\n\n<p><br><strong>OBRAS&nbsp;<\/strong>\u2013 Tamb\u00e9m est\u00e3o em obras a constru\u00e7\u00e3o dos guias-correntes da Avenida Paran\u00e1, com 42% de conclus\u00e3o; a urbaniza\u00e7\u00e3o da praia de Caiob\u00e1, com 45%; a urbaniza\u00e7\u00e3o dos balne\u00e1rios de Matinhos (sentido Pico de Matinhos ao Balne\u00e1rio Fl\u00f3rida), com 8% j\u00e1 conclu\u00eddos; e o plantio de restinga nativa na praia de Caiob\u00e1, com 45% de conclus\u00e3o.<\/p>\n\n\n\n<p>J\u00e1 foi finalizado o engordamento da faixa de areia em at\u00e9 100 metros de largura, por meio de aterro hidr\u00e1ulico e, al\u00e9m das estruturas mar\u00edtimas, ser\u00e3o executadas interven\u00e7\u00f5es de macro de microdrenagem para beneficiar tamb\u00e9m os moradores que n\u00e3o vivem na beira mar e sofrem com constantes enchentes.&nbsp;<\/p>\n\n\n\n<p>\u201c\u00c9 uma obra que enriquece o Sul do Brasil. Esse processo vem se arrastando desde a d\u00e9cada de 90 e, agora, o Governo do Paran\u00e1 conseguiu viabilizar o avan\u00e7o para o nosso Litoral\u201d, afirmou o prefeito de Matinhos, Z\u00e9 da Ecler.<\/p>\n\n\n\n<p>AEN<\/p>\n","protected":false},"excerpt":{"rendered":"<p>Pe\u00e7as fundamentais para evitar poss\u00edveis danos \u00e0s estruturas mar\u00edtimas que est\u00e3o sendo constru\u00eddas no Litoral do Paran\u00e1, os primeiros tetr\u00e1podes come\u00e7aram a ser instalados nesta sexta-feira (16) no espig\u00e3o do Pico de Matinhos. Constru\u00eddos em concreto, eles evitam que a mar\u00e9 alta danifique a base do espig\u00e3o, dos guias-correntes e dos headlands que est\u00e3o sendo [&hellip;]<\/p>\n","protected":false},"author":2,"featured_media":40918,"comment_status":"open","ping_status":"open","sticky":false,"template":"","format":"standard","meta":{"advanced_seo_description":"","jetpack_seo_html_title":"","jetpack_seo_noindex":false,"_jetpack_memberships_contains_paid_content":false,"footnotes":""},"categories":[40],"tags":[],"class_list":{"0":"post-40917","1":"post","2":"type-post","3":"status-publish","4":"format-standard","5":"has-post-thumbnail","7":"category-destaques"},"jetpack_featured_media_url":"https:\/\/www.paranapraia.com.br\/wp-content\/uploads\/2022\/12\/whatsapp_image_2022-12-16_at_09.27.10_1.jpg","jetpack_sharing_enabled":true,"_links":{"self":[{"href":"https:\/\/www.paranapraia.com.br\/index.php\/wp-json\/wp\/v2\/posts\/40917"}],"collection":[{"href":"https:\/\/www.paranapraia.com.br\/index.php\/wp-json\/wp\/v2\/posts"}],"about":[{"href":"https:\/\/www.paranapraia.com.br\/index.php\/wp-json\/wp\/v2\/types\/post"}],"author":[{"embeddable":true,"href":"https:\/\/www.paranapraia.com.br\/index.php\/wp-json\/wp\/v2\/users\/2"}],"replies":[{"embeddable":true,"href":"https:\/\/www.paranapraia.com.br\/index.php\/wp-json\/wp\/v2\/comments?post=40917"}],"version-history":[{"count":1,"href":"https:\/\/www.paranapraia.com.br\/index.php\/wp-json\/wp\/v2\/posts\/40917\/revisions"}],"predecessor-version":[{"id":40919,"href":"https:\/\/www.paranapraia.com.br\/index.php\/wp-json\/wp\/v2\/posts\/40917\/revisions\/40919"}],"wp:featuredmedia":[{"embeddable":true,"href":"https:\/\/www.paranapraia.com.br\/index.php\/wp-json\/wp\/v2\/media\/40918"}],"wp:attachment":[{"href":"https:\/\/www.paranapraia.com.br\/index.php\/wp-json\/wp\/v2\/media?parent=40917"}],"wp:term":[{"taxonomy":"category","embeddable":true,"href":"https:\/\/www.paranapraia.com.br\/index.php\/wp-json\/wp\/v2\/categories?post=40917"},{"taxonomy":"post_tag","embeddable":true,"href":"https:\/\/www.paranapraia.com.br\/index.php\/wp-json\/wp\/v2\/tags?post=40917"}],"curies":[{"name":"wp","href":"https:\/\/api.w.org\/{rel}","templated":true}]}}