{"id":40914,"date":"2022-12-16T14:49:04","date_gmt":"2022-12-16T17:49:04","guid":{"rendered":"https:\/\/www.paranapraia.com.br\/?p=40914"},"modified":"2022-12-16T14:49:05","modified_gmt":"2022-12-16T17:49:05","slug":"documentario-mostra-resgate-de-canoa-em-sitio-arqueologico-tombado-pelo-parana","status":"publish","type":"post","link":"https:\/\/www.paranapraia.com.br\/index.php\/2022\/12\/16\/documentario-mostra-resgate-de-canoa-em-sitio-arqueologico-tombado-pelo-parana\/","title":{"rendered":"Document\u00e1rio mostra resgate de canoa em s\u00edtio arqueol\u00f3gico tombado pelo Paran\u00e1"},"content":{"rendered":"\n<p>Em 2018, o Instituto do Patrim\u00f4nio Hist\u00f3rico e Art\u00edstico Nacional (Iphan), autarquia federal vinculada \u00e0 Secretaria Especial da Cultura e ao Minist\u00e9rio do Turismo, viabilizou o resgate emergencial de uma canoa identificada dentro da \u00e1rea de tombamento do s\u00edtio arqueol\u00f3gico de Cidade Real do Guair\u00e1, protegido em n\u00edvel estadual pelo Governo do Paran\u00e1. A a\u00e7\u00e3o contou com supervis\u00e3o e apoio t\u00e9cnico da Coordena\u00e7\u00e3o do Patrim\u00f4nio Cultural do Paran\u00e1 (CPC), \u00f3rg\u00e3o vinculado \u00e0 Secretaria da Comunica\u00e7\u00e3o Social e da Cultura.<\/p>\n\n\n\n<p>A a\u00e7\u00e3o foi documentada por meio de fotografias, mapas, relatos e um videodocument\u00e1rio que acaba de ser disponibilizado no&nbsp;<strong><a href=\"https:\/\/www.youtube.com\/watch?v=OXmbBtIoLoQ\" target=\"_blank\" rel=\"noreferrer noopener\">canal do Iphan no YouTube<\/a><\/strong>. Os povos guarani foram fundamentais para a preserva\u00e7\u00e3o dos vest\u00edgios da canoa\u202fYg\u00e1-Mir\u00ee\u202fe demais resqu\u00edcios arqueol\u00f3gicos at\u00e9 que o projeto de resgate fosse viabilizado. Eles acompanharam todo o processo e trabalharam com as equipes de campo.<\/p>\n\n\n\n<p>\u201cAs Ava-Guarani lutam pelo seu modo de viver. \u00c9 preciso mostrar para os outros que ainda estamos aqui\u201d, afirma o rezador guarani Tekoha Y\u2019Hovy no document\u00e1rio \u201cYg\u00e1 Mir\u00ee \u2013 Resgate emergencial de canoa localizada no s\u00edtio arqueol\u00f3gico Ciudad Real del Guayr\u00e1\u201d.&nbsp;<\/p>\n\n\n\n<p>O S\u00edtio Arqueol\u00f3gico representa um importante cap\u00edtulo da hist\u00f3ria da conquista ib\u00e9rica da Am\u00e9rica Meridional, Patrim\u00f4nio Cultural reconhecido pelo Estado do Paran\u00e1 pelo tombamento em 2007.<\/p>\n\n\n\n<p>Os remanescentes arqueol\u00f3gicos localizados na margem esquerda do Rio Paran\u00e1 e imediatamente ao sul da foz do seu afluente, rio Piquiri, pertencem \u00e0 Ciudad Real del Guaira, fundada no ano de 1557. A destrui\u00e7\u00e3o de Cidade Real, entre outros assentamentos de posse da coroa espanhola, culmina com as bandeiras paulistas durante os anos de 1631 e 1632.<\/p>\n\n\n\n<p>Essa regi\u00e3o somente retornaria a ser explorada pelos portugueses em expedi\u00e7\u00f5es de reconhecimento entre os anos de 1768 e 1774, quando se procedeu ao registro da localiza\u00e7\u00e3o das &#8220;ru\u00ednas&#8221; de Cidade Real de Guair\u00e1. Hoje um dos principais ind\u00edcios s\u00e3o os fragmentos de paredes e muros, em extensas \u00e1reas, caracterizados por taludes. A maior parte do material arqueol\u00f3gico ainda permanece preservada abaixo da superf\u00edcie do solo, configurando grande oportunidade de pesquisa.<\/p>\n\n\n\n<p>AEN<\/p>\n","protected":false},"excerpt":{"rendered":"<p>Em 2018, o Instituto do Patrim\u00f4nio Hist\u00f3rico e Art\u00edstico Nacional (Iphan), autarquia federal vinculada \u00e0 Secretaria Especial da Cultura e ao Minist\u00e9rio do Turismo, viabilizou o resgate emergencial de uma canoa identificada dentro da \u00e1rea de tombamento do s\u00edtio arqueol\u00f3gico de Cidade Real do Guair\u00e1, protegido em n\u00edvel estadual pelo Governo do Paran\u00e1. A a\u00e7\u00e3o [&hellip;]<\/p>\n","protected":false},"author":2,"featured_media":40915,"comment_status":"open","ping_status":"open","sticky":false,"template":"","format":"standard","meta":{"advanced_seo_description":"","jetpack_seo_html_title":"","jetpack_seo_noindex":false,"_jetpack_memberships_contains_paid_content":false,"footnotes":""},"categories":[40],"tags":[],"class_list":{"0":"post-40914","1":"post","2":"type-post","3":"status-publish","4":"format-standard","5":"has-post-thumbnail","7":"category-destaques"},"jetpack_featured_media_url":"https:\/\/www.paranapraia.com.br\/wp-content\/uploads\/2022\/12\/cpc2.jpg","jetpack_sharing_enabled":true,"_links":{"self":[{"href":"https:\/\/www.paranapraia.com.br\/index.php\/wp-json\/wp\/v2\/posts\/40914"}],"collection":[{"href":"https:\/\/www.paranapraia.com.br\/index.php\/wp-json\/wp\/v2\/posts"}],"about":[{"href":"https:\/\/www.paranapraia.com.br\/index.php\/wp-json\/wp\/v2\/types\/post"}],"author":[{"embeddable":true,"href":"https:\/\/www.paranapraia.com.br\/index.php\/wp-json\/wp\/v2\/users\/2"}],"replies":[{"embeddable":true,"href":"https:\/\/www.paranapraia.com.br\/index.php\/wp-json\/wp\/v2\/comments?post=40914"}],"version-history":[{"count":1,"href":"https:\/\/www.paranapraia.com.br\/index.php\/wp-json\/wp\/v2\/posts\/40914\/revisions"}],"predecessor-version":[{"id":40916,"href":"https:\/\/www.paranapraia.com.br\/index.php\/wp-json\/wp\/v2\/posts\/40914\/revisions\/40916"}],"wp:featuredmedia":[{"embeddable":true,"href":"https:\/\/www.paranapraia.com.br\/index.php\/wp-json\/wp\/v2\/media\/40915"}],"wp:attachment":[{"href":"https:\/\/www.paranapraia.com.br\/index.php\/wp-json\/wp\/v2\/media?parent=40914"}],"wp:term":[{"taxonomy":"category","embeddable":true,"href":"https:\/\/www.paranapraia.com.br\/index.php\/wp-json\/wp\/v2\/categories?post=40914"},{"taxonomy":"post_tag","embeddable":true,"href":"https:\/\/www.paranapraia.com.br\/index.php\/wp-json\/wp\/v2\/tags?post=40914"}],"curies":[{"name":"wp","href":"https:\/\/api.w.org\/{rel}","templated":true}]}}