{"id":40910,"date":"2022-12-16T14:43:21","date_gmt":"2022-12-16T17:43:21","guid":{"rendered":"https:\/\/www.paranapraia.com.br\/?p=40910"},"modified":"2022-12-16T14:43:23","modified_gmt":"2022-12-16T17:43:23","slug":"apos-acordo-estado-garante-execucao-das-obras-e-trafegabilidade-na-br-277","status":"publish","type":"post","link":"https:\/\/www.paranapraia.com.br\/index.php\/2022\/12\/16\/apos-acordo-estado-garante-execucao-das-obras-e-trafegabilidade-na-br-277\/","title":{"rendered":"Ap\u00f3s acordo, Estado garante execu\u00e7\u00e3o das obras e trafegabilidade na BR-277"},"content":{"rendered":"\n<p>O Departamento de Estradas de Rodagem do Paran\u00e1 (DER\/PR) anunciou nesta sexta-feira (16) um termo de compromisso com o Departamento Nacional de Infraestrutura de Transportes (DNIT) para assumir integralmente a execu\u00e7\u00e3o das obras de conten\u00e7\u00e3o de talude no km 39 e km 41 da BR-277, no Litoral, atingidos por escorregamento de terra devido \u00e0s chuvas recentes.<\/p>\n\n\n\n<p>Equipes do DER\/PR est\u00e3o realizando sondagens no trecho para elaborar um diagn\u00f3stico dos servi\u00e7os que ser\u00e3o necess\u00e1rios, tendo como prioridade a libera\u00e7\u00e3o de mais faixas de rolamento, melhorando o tr\u00e1fego de ve\u00edculos e reduzindo as longas filas que est\u00e3o se formando devido ao bloqueio.&nbsp;<\/p>\n\n\n\n<p>O cronograma ir\u00e1 depender das condi\u00e7\u00f5es clim\u00e1ticas, com a continuidade das chuvas atrapalhando o andamento dos servi\u00e7os. Boletins informativos dever\u00e3o ser divulgados com atualiza\u00e7\u00f5es sobre essa interven\u00e7\u00e3o. O or\u00e7amento final ainda n\u00e3o est\u00e1 conclu\u00eddo.<\/p>\n\n\n\n<p>\u201cNossa prioridade neste momento \u00e9 dar trafegabilidade \u00e0 rodovia. Esses escorregamentos necessitam de obras complexas, mas j\u00e1 estamos avaliando a melhor maneira de iniciar essas interven\u00e7\u00f5es e liberar pelo menos mais uma faixa de rolamento, garantindo mais fluidez ao tr\u00e2nsito\u201d, afirmou o secret\u00e1rio de Infraestrutura e Log\u00edstica do Paran\u00e1, Fernando Furiatti.<\/p>\n\n\n\n<figure class=\"wp-block-image size-large\"><img loading=\"lazy\" decoding=\"async\" width=\"1024\" height=\"683\" src=\"https:\/\/www.paranapraia.com.br\/wp-content\/uploads\/2022\/12\/img_7003-1024x683.jpg\" alt=\"\" class=\"wp-image-40912\" srcset=\"https:\/\/www.paranapraia.com.br\/wp-content\/uploads\/2022\/12\/img_7003-1024x683.jpg 1024w, https:\/\/www.paranapraia.com.br\/wp-content\/uploads\/2022\/12\/img_7003-300x200.jpg 300w, https:\/\/www.paranapraia.com.br\/wp-content\/uploads\/2022\/12\/img_7003-768x512.jpg 768w, https:\/\/www.paranapraia.com.br\/wp-content\/uploads\/2022\/12\/img_7003-1536x1024.jpg 1536w, https:\/\/www.paranapraia.com.br\/wp-content\/uploads\/2022\/12\/img_7003-2048x1365.jpg 2048w, https:\/\/www.paranapraia.com.br\/wp-content\/uploads\/2022\/12\/img_7003-696x464.jpg 696w, https:\/\/www.paranapraia.com.br\/wp-content\/uploads\/2022\/12\/img_7003-1068x712.jpg 1068w, https:\/\/www.paranapraia.com.br\/wp-content\/uploads\/2022\/12\/img_7003-630x420.jpg 630w\" sizes=\"(max-width: 1024px) 100vw, 1024px\" \/><figcaption>Coletiva SEIL<\/figcaption><\/figure>\n\n\n\n<p>\u201cEstamos inclusive discutindo tecnicamente com o DNIT quanto \u00e0 possibilidade de substitui\u00e7\u00e3o dos equipamentos que eles est\u00e3o usando na obra do km 42, tirar os guindastes de l\u00e1 e utilizar andaimes, garantindo que todo o trecho bloqueado opere com essa faixa a mais\u201d, disse Furiatti.<\/p>\n\n\n\n<p>A sinaliza\u00e7\u00e3o do trecho ser\u00e1 refor\u00e7ada, com pain\u00e9is de mensagens vari\u00e1veis, cones e ilumina\u00e7\u00e3o noturna, e h\u00e1 previs\u00e3o de implantar faixas revers\u00edveis no trecho, com o sentido do tr\u00e1fego da faixa sendo invertido para atender a demanda maior.<\/p>\n\n\n\n<p>\u201cTeremos tr\u00eas entidades envolvidas nessa opera\u00e7\u00e3o, o DNIT realizando a obra no km 42, o DER que vai come\u00e7ar a obra no km 39 e km 41, e a Pol\u00edcia Rodovi\u00e1ria Federal (PRF), colaborando com o fluxo. Todas as a\u00e7\u00f5es precisam ser realizadas em harmonia para garantir essa nova libera\u00e7\u00e3o do tr\u00e1fego\u201d, explicou o diretor-geral do DER\/PR, Alexandre Castro Fernandes.<\/p>\n\n\n\n<p><strong>RODOVIA FEDERAL&nbsp;<\/strong>\u2013 A BR-277 \u00e9 uma rodovia federal, que voltou a ser administrada pelo DNIT desde o t\u00e9rmino das concess\u00f5es do Anel de Integra\u00e7\u00e3o, em novembro de 2021. Cabe ao \u00f3rg\u00e3o federal realizar monitoramentos das condi\u00e7\u00f5es da rodovia, bem como a execu\u00e7\u00e3o de servi\u00e7os de conserva\u00e7\u00e3o e obras. Somente ap\u00f3s assinatura deste termo de compromisso ser\u00e1 poss\u00edvel a interven\u00e7\u00e3o do DER\/PR na rodovia, nestes dois pontos espec\u00edficos, para realiza\u00e7\u00e3o das obras de recupera\u00e7\u00e3o da encosta.<\/p>\n\n\n\n<p>Parceria semelhante permite a atua\u00e7\u00e3o do DER\/PR com servi\u00e7os de guincho mec\u00e2nico leves e pesados em todas as rodovias federais do antigo Anel de Integra\u00e7\u00e3o, al\u00e9m das rodovias estaduais.<\/p>\n\n\n\n<p>Tamb\u00e9m \u00e9 realizada a inspe\u00e7\u00e3o de tr\u00e1fego, com ve\u00edculos do DER\/PR percorrendo todo o antigo Anel de Integra\u00e7\u00e3o at\u00e9 tr\u00eas vezes por dia, verificando a necessidade de assist\u00eancia aos usu\u00e1rios, inspecionando as pistas e participando ativamente na ocorr\u00eancia de neblina, inc\u00eandios, acidentes e outras situa\u00e7\u00f5es, providenciando sinaliza\u00e7\u00e3o de emerg\u00eancia, desvios de tr\u00e1fego e demais apoios.<\/p>\n\n\n\n<p>Usu\u00e1rios podem acionar o Centro de Opera\u00e7\u00f5es Integradas (COI) do DER\/PR para relatar qualquer situa\u00e7\u00e3o semelhante, pelo telefone 0800-400-0404, dispon\u00edvel gratuitamente 24h por dia, inclusive finais de semana e feriados.<a href=\"https:\/\/www.aen.pr.gov.br\/Galeria-de-Imagens\/COLETIVA-SEIL#&amp;gid=1&amp;pid=19\"><\/a><\/p>\n\n\n\n<p>AEN<\/p>\n","protected":false},"excerpt":{"rendered":"<p>O Departamento de Estradas de Rodagem do Paran\u00e1 (DER\/PR) anunciou nesta sexta-feira (16) um termo de compromisso com o Departamento Nacional de Infraestrutura de Transportes (DNIT) para assumir integralmente a execu\u00e7\u00e3o das obras de conten\u00e7\u00e3o de talude no km 39 e km 41 da BR-277, no Litoral, atingidos por escorregamento de terra devido \u00e0s chuvas [&hellip;]<\/p>\n","protected":false},"author":2,"featured_media":40911,"comment_status":"open","ping_status":"open","sticky":false,"template":"","format":"standard","meta":{"advanced_seo_description":"","jetpack_seo_html_title":"","jetpack_seo_noindex":false,"_jetpack_memberships_contains_paid_content":false,"footnotes":""},"categories":[40],"tags":[],"class_list":{"0":"post-40910","1":"post","2":"type-post","3":"status-publish","4":"format-standard","5":"has-post-thumbnail","7":"category-destaques"},"jetpack_featured_media_url":"https:\/\/www.paranapraia.com.br\/wp-content\/uploads\/2022\/12\/dji_0871_0.jpg","jetpack_sharing_enabled":true,"_links":{"self":[{"href":"https:\/\/www.paranapraia.com.br\/index.php\/wp-json\/wp\/v2\/posts\/40910"}],"collection":[{"href":"https:\/\/www.paranapraia.com.br\/index.php\/wp-json\/wp\/v2\/posts"}],"about":[{"href":"https:\/\/www.paranapraia.com.br\/index.php\/wp-json\/wp\/v2\/types\/post"}],"author":[{"embeddable":true,"href":"https:\/\/www.paranapraia.com.br\/index.php\/wp-json\/wp\/v2\/users\/2"}],"replies":[{"embeddable":true,"href":"https:\/\/www.paranapraia.com.br\/index.php\/wp-json\/wp\/v2\/comments?post=40910"}],"version-history":[{"count":1,"href":"https:\/\/www.paranapraia.com.br\/index.php\/wp-json\/wp\/v2\/posts\/40910\/revisions"}],"predecessor-version":[{"id":40913,"href":"https:\/\/www.paranapraia.com.br\/index.php\/wp-json\/wp\/v2\/posts\/40910\/revisions\/40913"}],"wp:featuredmedia":[{"embeddable":true,"href":"https:\/\/www.paranapraia.com.br\/index.php\/wp-json\/wp\/v2\/media\/40911"}],"wp:attachment":[{"href":"https:\/\/www.paranapraia.com.br\/index.php\/wp-json\/wp\/v2\/media?parent=40910"}],"wp:term":[{"taxonomy":"category","embeddable":true,"href":"https:\/\/www.paranapraia.com.br\/index.php\/wp-json\/wp\/v2\/categories?post=40910"},{"taxonomy":"post_tag","embeddable":true,"href":"https:\/\/www.paranapraia.com.br\/index.php\/wp-json\/wp\/v2\/tags?post=40910"}],"curies":[{"name":"wp","href":"https:\/\/api.w.org\/{rel}","templated":true}]}}