{"id":40903,"date":"2022-12-15T08:51:00","date_gmt":"2022-12-15T11:51:00","guid":{"rendered":"https:\/\/www.paranapraia.com.br\/?p=40903"},"modified":"2022-12-16T08:57:46","modified_gmt":"2022-12-16T11:57:46","slug":"com-investimento-de-r-21-milhoes-matinhos-vai-receber-novo-complexo-esportivo-de-surfe","status":"publish","type":"post","link":"https:\/\/www.paranapraia.com.br\/index.php\/2022\/12\/15\/com-investimento-de-r-21-milhoes-matinhos-vai-receber-novo-complexo-esportivo-de-surfe\/","title":{"rendered":"Com investimento de R$ 2,1 milh\u00f5es, Matinhos vai receber novo complexo esportivo de surfe"},"content":{"rendered":"\n<p>O Governo do Estado vai investir cerca de R$ 2,1 milh\u00f5es na constru\u00e7\u00e3o de um centro esportivo para a pr\u00e1tica de surfe na cidade de Matinhos, no Litoral do Paran\u00e1. O an\u00fancio da homologa\u00e7\u00e3o da licita\u00e7\u00e3o do projeto foi feito pelo governador Carlos Massa Ratinho Junior durante o evento de&nbsp;<a href=\"https:\/\/www.aen.pr.gov.br\/Noticia\/Revitalizado-Ginasio-do-Taruma-e-reaberto-ao-publico-e-tera-centro-de-treinamento-olimpico\" target=\"_blank\" rel=\"noreferrer noopener\">reabertura do Gin\u00e1sio do Tarum\u00e3<\/a>, em Curitiba.<\/p>\n\n\n\n<p>Chamado Ondas do Saber, trata-se do maior empreendimento focado no desenvolvimento do surfe do Brasil. O objetivo do projeto \u00e9 estimular a pr\u00e1tica da modalidade esportiva para diferentes faixas et\u00e1rias e aproveitar o potencial de crian\u00e7as, adolescentes e jovens que vivem na regi\u00e3o.<\/p>\n\n\n\n<p>O novo espa\u00e7o, que ser\u00e1 constru\u00eddo a partir de 2023, tamb\u00e9m poder\u00e1 sediar eventos em \u00e2mbito estadual, nacional e internacional. O empreendimento soma-se a outras interven\u00e7\u00f5es no local, como a revitaliza\u00e7\u00e3o da orla de Matinhos, cuja etapa de engorda da praia j\u00e1 foi conclu\u00edda, e a ponte de Guaratuba, cujo contrato foi assinado no in\u00edcio do m\u00eas, e que ajudam a explicar o retorno do espa\u00e7o ao foco das grandes competi\u00e7\u00f5es.<\/p>\n\n\n\n<p>Neste ano, por exemplo, o Pico de Matinhos voltou a ser palco de uma etapa do Circuito Profissional da Confedera\u00e7\u00e3o Brasileira de Surfe (CBSurf Pro), em agosto, evento que reuniu grandes estrelas nacionais do esporte. Em 2023, a cidade receber\u00e1 uma etapa do projeto Dream Tour \u2013 Circuito Brasileiro de Surfe 2023, que acontecer\u00e1 entre os dias 7 e 31 de julho.<\/p>\n\n\n\n<p>\u201cEstamos felizes em trazer novamente o protagonismo do surfe para Matinhos, que \u00e9 um pico maravilhoso e um espa\u00e7o de forma\u00e7\u00e3o de talentos no nosso Litoral\u201d, disse o governador. \u201cO surfe \u00e9 um esporte ol\u00edmpico no qual Brasil \u00e9 uma refer\u00eancia, e agora, com esse projeto fant\u00e1stico da Ondas do Saber, vamos aproveitar ainda mais este potencial no Paran\u00e1\u201d.<\/p>\n\n\n\n<p>O superintendente estadual do Esporte, Helio Wirsbiski, destacou o retorno esportivo que o Ondas do Saber pode propiciar ao Paran\u00e1. \u201cAssinamos um protocolo para a realiza\u00e7\u00e3o do Campeonato Brasileiro de Surfe em Matinhos em junho de 2023, o que junto com este novo centro, que ser\u00e1 o maior do Brasil, transformar\u00e1 a vida desses meninos at\u00e9 serem atletas ol\u00edmpicos\u201d, disse.<\/p>\n\n\n\n<p><strong>RESPONSABILIDADE SOCIAL<\/strong>&nbsp;\u2013 Segundo o presidente da Federa\u00e7\u00e3o Paranaense de Surfe, Renato Trogue, o novo complexo tamb\u00e9m cumprir\u00e1 um importante papel de inclus\u00e3o social. \u201cCome\u00e7amos h\u00e1 10 anos com o projeto \u00d4nibus do Saber, no contraturno escolar, com 200 alunos. Antes da pandemia, est\u00e1vamos com 700 alunos, atendendo mais de sete escolas, mas n\u00e3o t\u00ednhamos uma sede pr\u00f3pria para isso e precis\u00e1vamos de um lugar maior e mais equipado\u201d, comentou.<\/p>\n\n\n\n<p>\u201cUma arquiteta volunt\u00e1ria fez o projeto sem custos e o Governo do Estado aprovou. Isso beneficia os nossos projetos, porque as crian\u00e7as v\u00e3o ter espa\u00e7os adequados para se alimentar, vesti\u00e1rios para se trocar e tomar banho quente. Foi uma coisa pensada para as nossas necessidades para podermos dar aula para cada vez mais crian\u00e7as, adolescentes e jovens\u201d, acrescentou Trogue.<\/p>\n\n\n\n<figure class=\"wp-block-image\"><a href=\"https:\/\/www.aen.pr.gov.br\/Galeria-de-Imagens\/Com-investimento-de-R-21-milhoes-Matinhos-vai-receber-novo-complexo-esportivo-de#&amp;gid=1&amp;pid=16\"><img decoding=\"async\" src=\"https:\/\/www.aen.pr.gov.br\/sites\/default\/arquivos_restritos\/files\/imagem\/2022-12\/surf1.jpg\" alt=\"surfe\"\/><\/a><figcaption>Projeto do Ondas do Saber, de Matinhos. Foto: Reprodu\u00e7\u00e3o<\/figcaption><\/figure>\n\n\n\n<p><strong>PRESEN\u00c7AS\u00a0<\/strong>\u2013 Participaram do evento os prefeitos de Jandaia do Sul, Lauro Junior; de Campo Largo, Maur\u00edcio Rivabem; de Ver\u00ea, Ademilson Rosin; de Ivatuba, Sergio Santi; de Pinhais, Rosa Maria Colombo; de Prudent\u00f3polis, Osnei Stadler; de Tibagi, Artur Ricardo Nolte; e o vice-prefeito de Curitiba, Edurardo Pimentel. A arquiteta Tamires Bonatto, respons\u00e1vel pela elabora\u00e7\u00e3o do projeto Ondas do Saber, tamb\u00e9m esteve no evento.<\/p>\n\n\n\n<p>AEN<\/p>\n","protected":false},"excerpt":{"rendered":"<p>O Governo do Estado vai investir cerca de R$ 2,1 milh\u00f5es na constru\u00e7\u00e3o de um centro esportivo para a pr\u00e1tica de surfe na cidade de Matinhos, no Litoral do Paran\u00e1. O an\u00fancio da homologa\u00e7\u00e3o da licita\u00e7\u00e3o do projeto foi feito pelo governador Carlos Massa Ratinho Junior durante o evento de&nbsp;reabertura do Gin\u00e1sio do Tarum\u00e3, em [&hellip;]<\/p>\n","protected":false},"author":2,"featured_media":40904,"comment_status":"open","ping_status":"open","sticky":false,"template":"","format":"standard","meta":{"advanced_seo_description":"","jetpack_seo_html_title":"","jetpack_seo_noindex":false,"_jetpack_memberships_contains_paid_content":false,"footnotes":""},"categories":[40],"tags":[],"class_list":{"0":"post-40903","1":"post","2":"type-post","3":"status-publish","4":"format-standard","5":"has-post-thumbnail","7":"category-destaques"},"jetpack_featured_media_url":"https:\/\/www.paranapraia.com.br\/wp-content\/uploads\/2022\/12\/investimentos_esporte-0355-scaled.jpg","jetpack_sharing_enabled":true,"_links":{"self":[{"href":"https:\/\/www.paranapraia.com.br\/index.php\/wp-json\/wp\/v2\/posts\/40903"}],"collection":[{"href":"https:\/\/www.paranapraia.com.br\/index.php\/wp-json\/wp\/v2\/posts"}],"about":[{"href":"https:\/\/www.paranapraia.com.br\/index.php\/wp-json\/wp\/v2\/types\/post"}],"author":[{"embeddable":true,"href":"https:\/\/www.paranapraia.com.br\/index.php\/wp-json\/wp\/v2\/users\/2"}],"replies":[{"embeddable":true,"href":"https:\/\/www.paranapraia.com.br\/index.php\/wp-json\/wp\/v2\/comments?post=40903"}],"version-history":[{"count":1,"href":"https:\/\/www.paranapraia.com.br\/index.php\/wp-json\/wp\/v2\/posts\/40903\/revisions"}],"predecessor-version":[{"id":40905,"href":"https:\/\/www.paranapraia.com.br\/index.php\/wp-json\/wp\/v2\/posts\/40903\/revisions\/40905"}],"wp:featuredmedia":[{"embeddable":true,"href":"https:\/\/www.paranapraia.com.br\/index.php\/wp-json\/wp\/v2\/media\/40904"}],"wp:attachment":[{"href":"https:\/\/www.paranapraia.com.br\/index.php\/wp-json\/wp\/v2\/media?parent=40903"}],"wp:term":[{"taxonomy":"category","embeddable":true,"href":"https:\/\/www.paranapraia.com.br\/index.php\/wp-json\/wp\/v2\/categories?post=40903"},{"taxonomy":"post_tag","embeddable":true,"href":"https:\/\/www.paranapraia.com.br\/index.php\/wp-json\/wp\/v2\/tags?post=40903"}],"curies":[{"name":"wp","href":"https:\/\/api.w.org\/{rel}","templated":true}]}}