{"id":40901,"date":"2022-12-15T10:03:00","date_gmt":"2022-12-15T13:03:00","guid":{"rendered":"https:\/\/www.paranapraia.com.br\/?p=40901"},"modified":"2022-12-16T09:08:08","modified_gmt":"2022-12-16T12:08:08","slug":"alem-de-dois-helicopteros-e-viatura-inteligente-pm-tera-mais-de-600-policiais-neste-verao","status":"publish","type":"post","link":"https:\/\/www.paranapraia.com.br\/index.php\/2022\/12\/15\/alem-de-dois-helicopteros-e-viatura-inteligente-pm-tera-mais-de-600-policiais-neste-verao\/","title":{"rendered":"Al\u00e9m de dois helic\u00f3pteros e viatura inteligente, PM ter\u00e1 mais de 600 policiais neste ver\u00e3o"},"content":{"rendered":"\n<p>A Pol\u00edcia Militar do Paran\u00e1 (PMPR) contar\u00e1 com mais de 600 profissionais da corpora\u00e7\u00e3o no Ver\u00e3o Maior Paran\u00e1 2022\/2023, no Litoral do Estado. As atividades ter\u00e3o in\u00edcio neste s\u00e1bado (17) e envolvem, al\u00e9m das for\u00e7as de seguran\u00e7a, os servi\u00e7os e projetos de diversos outros \u00f3rg\u00e3os estaduais. Os policiais militares atuar\u00e3o nos sete munic\u00edpios litor\u00e2neos, de forma a garantir a seguran\u00e7a dos moradores e veranistas durante a temporada.<\/p>\n\n\n\n<p>Al\u00e9m dos mais de 360 policiais militares que j\u00e1 trabalham diariamente nestas cidades, a PMPR refor\u00e7ou o efetivo com 267 profissionais, que atuar\u00e3o de forma preventiva e repressiva.<\/p>\n\n\n\n<p>\u201cEstamos com um grande efetivo para que a popula\u00e7\u00e3o seja atendida e tenha seguran\u00e7a durante toda a temporada. Atuaremos em todas as cidades litor\u00e2neas, at\u00e9 nas localidades mais distantes, priorizando o policiamento preventivo, ou seja, garantindo um per\u00edodo tranquilo para todos\u201d, explicou o tenente-coronel Durval Tavares Junior, comandante do 9\u00ba Batalh\u00e3o da Pol\u00edcia Militar no Litoral e respons\u00e1vel pela coordena\u00e7\u00e3o do Ver\u00e3o Maior Paran\u00e1 pela corpora\u00e7\u00e3o.<\/p>\n\n\n\n<p>A PMPR contar\u00e1, ainda, com a participa\u00e7\u00e3o de unidades que integram o Comando de Policiamento Especializado \u2013 Regimento de Pol\u00edcia Montada, Batalh\u00e3o de Pol\u00edcia Rodovi\u00e1ria, Batalh\u00e3o de Policiamento de Tr\u00e2nsito, Batalh\u00e3o de Pol\u00edcia Ambiental-For\u00e7a Verde, Batalh\u00e3o de Pol\u00edcia Escolar Comunit\u00e1ria, Companhia Independente de Rondas Ostensivas com Aplica\u00e7\u00e3o de Motocicletas, Centro de Opera\u00e7\u00f5es Policiais Militares e A\u00e7\u00e3o Integrada de Fiscaliza\u00e7\u00e3o Urbana.<\/p>\n\n\n\n<p>Eles ter\u00e3o efetivos deslocados ao Litoral em per\u00edodos com maior circula\u00e7\u00e3o de pessoas, principalmente, nas festas de fim de ano.<\/p>\n\n\n\n<p><strong>VIATURA INTELIGENTE&nbsp;<\/strong>\u2013 Durante o Ver\u00e3o Maior Paran\u00e1, a Pol\u00edcia Militar contar\u00e1 com tecnologias que possibilitar\u00e3o aos militares estaduais abordagens mais r\u00e1pidas e seguras. Uma delas \u00e9 a utiliza\u00e7\u00e3o da \u201cviatura inteligente\u201d que ser\u00e1 testada durante a temporada. Ela foi equipada para testes a partir do processo aberto pela PMPR para aquisi\u00e7\u00e3o de equipamentos tecnol\u00f3gicos que auxiliem o trabalho dos policiais militares em todo o Paran\u00e1. O ve\u00edculo conta com quatro c\u00e2meras de monitoramento, sendo duas laterais, uma frontal e outra 360\u00ba graus. Essas c\u00e2meras s\u00e3o capazes de identificar placas de ve\u00edculos com alerta de furto ou roubo e fazem ainda reconhecimento facial.<\/p>\n\n\n\n<p><strong>UTVS E DICICLOS&nbsp;<\/strong>\u2013Outra novidade para a temporada ser\u00e1 a utiliza\u00e7\u00e3o de 10 Ve\u00edculos Utilit\u00e1rios Multitarefa (UTV &#8211; na sigla em ingl\u00eas) e 18 Diciclos. Esses dois tipos de ve\u00edculos de transporte possibilitam uma atua\u00e7\u00e3o mais r\u00e1pida dos policiais militares na orla mar\u00edtima. O UTV \u00e9 um ve\u00edculo do estilo \u201cbuggy\u201d, com motorista e passageiro, lado a lado. J\u00e1 os Diciclos s\u00e3o ve\u00edculos em que o policial militar fica em p\u00e9 e transita a uma velocidade entre 10km\/h e 15km\/h.<\/p>\n\n\n\n<p><strong>HELIC\u00d3PTEROS&nbsp;<\/strong>\u2013Pela primeira vez, o Batalh\u00e3o de Pol\u00edcia Militar de Opera\u00e7\u00f5es A\u00e9reas (BPMOA) contar\u00e1 com dois helic\u00f3pteros no Ver\u00e3o Maior Paran\u00e1. Isso foi poss\u00edvel com a chegada de mais aeronaves equipadas ao batalh\u00e3o. Uma das aeronaves ser\u00e1 utilizada exclusivamente para as a\u00e7\u00f5es policiais como, por exemplo, opera\u00e7\u00f5es deflagradas no Litoral, e a outra ser\u00e1 utilizada como servi\u00e7o aerom\u00e9dico, garantindo mais agilidade nos atendimentos que necessitem de transporte de pacientes.<\/p>\n\n\n\n<p><strong>SEGURAN\u00c7A NAS RODOVIAS&nbsp;<\/strong>\u2013O Batalh\u00e3o de Pol\u00edcia Rodovi\u00e1ria far\u00e1 opera\u00e7\u00f5es cont\u00ednuas nas rodovias estaduais que levam ao Litoral ou que cruzam as cidades litor\u00e2neas. Ser\u00e3o realizadas tamb\u00e9m as chamadas \u201cblitzes educativas\u201d, em parceria com a PRF e o Detran, com o objetivo de orientar os motoristas que circulam nas praias.<\/p>\n\n\n\n<p>AEN<\/p>\n","protected":false},"excerpt":{"rendered":"<p>A Pol\u00edcia Militar do Paran\u00e1 (PMPR) contar\u00e1 com mais de 600 profissionais da corpora\u00e7\u00e3o no Ver\u00e3o Maior Paran\u00e1 2022\/2023, no Litoral do Estado. As atividades ter\u00e3o in\u00edcio neste s\u00e1bado (17) e envolvem, al\u00e9m das for\u00e7as de seguran\u00e7a, os servi\u00e7os e projetos de diversos outros \u00f3rg\u00e3os estaduais. Os policiais militares atuar\u00e3o nos sete munic\u00edpios litor\u00e2neos, de [&hellip;]<\/p>\n","protected":false},"author":2,"featured_media":40902,"comment_status":"open","ping_status":"open","sticky":false,"template":"","format":"standard","meta":{"advanced_seo_description":"","jetpack_seo_html_title":"","jetpack_seo_noindex":false,"_jetpack_memberships_contains_paid_content":false,"footnotes":""},"categories":[33],"tags":[],"class_list":{"0":"post-40901","1":"post","2":"type-post","3":"status-publish","4":"format-standard","5":"has-post-thumbnail","7":"category-policia"},"jetpack_featured_media_url":"https:\/\/www.paranapraia.com.br\/wp-content\/uploads\/2022\/12\/leo06765-scaled.jpg","jetpack_sharing_enabled":true,"_links":{"self":[{"href":"https:\/\/www.paranapraia.com.br\/index.php\/wp-json\/wp\/v2\/posts\/40901"}],"collection":[{"href":"https:\/\/www.paranapraia.com.br\/index.php\/wp-json\/wp\/v2\/posts"}],"about":[{"href":"https:\/\/www.paranapraia.com.br\/index.php\/wp-json\/wp\/v2\/types\/post"}],"author":[{"embeddable":true,"href":"https:\/\/www.paranapraia.com.br\/index.php\/wp-json\/wp\/v2\/users\/2"}],"replies":[{"embeddable":true,"href":"https:\/\/www.paranapraia.com.br\/index.php\/wp-json\/wp\/v2\/comments?post=40901"}],"version-history":[{"count":1,"href":"https:\/\/www.paranapraia.com.br\/index.php\/wp-json\/wp\/v2\/posts\/40901\/revisions"}],"predecessor-version":[{"id":40909,"href":"https:\/\/www.paranapraia.com.br\/index.php\/wp-json\/wp\/v2\/posts\/40901\/revisions\/40909"}],"wp:featuredmedia":[{"embeddable":true,"href":"https:\/\/www.paranapraia.com.br\/index.php\/wp-json\/wp\/v2\/media\/40902"}],"wp:attachment":[{"href":"https:\/\/www.paranapraia.com.br\/index.php\/wp-json\/wp\/v2\/media?parent=40901"}],"wp:term":[{"taxonomy":"category","embeddable":true,"href":"https:\/\/www.paranapraia.com.br\/index.php\/wp-json\/wp\/v2\/categories?post=40901"},{"taxonomy":"post_tag","embeddable":true,"href":"https:\/\/www.paranapraia.com.br\/index.php\/wp-json\/wp\/v2\/tags?post=40901"}],"curies":[{"name":"wp","href":"https:\/\/api.w.org\/{rel}","templated":true}]}}