{"id":40898,"date":"2022-12-15T10:00:42","date_gmt":"2022-12-15T13:00:42","guid":{"rendered":"https:\/\/www.paranapraia.com.br\/?p=40898"},"modified":"2022-12-15T10:00:43","modified_gmt":"2022-12-15T13:00:43","slug":"efetivo-da-policia-militar-participa-de-nivelamento-tecnico-para-o-verao-maior-parana","status":"publish","type":"post","link":"https:\/\/www.paranapraia.com.br\/index.php\/2022\/12\/15\/efetivo-da-policia-militar-participa-de-nivelamento-tecnico-para-o-verao-maior-parana\/","title":{"rendered":"Efetivo da Pol\u00edcia Militar participa de nivelamento t\u00e9cnico para o Ver\u00e3o Maior Paran\u00e1"},"content":{"rendered":"\n<p>O efetivo da Pol\u00edcia Militar do Paran\u00e1 (PMPR) que atuar\u00e1 no Ver\u00e3o Maior Paran\u00e1 2022\/2023 participa nesta semana de instru\u00e7\u00f5es de nivelamento com o objetivo de atualizar e preparar para os trabalhos na temporada. A atividade come\u00e7ou na ter\u00e7a-feira (13) e segue at\u00e9 esta quinta (15).<\/p>\n\n\n\n<p>Ao longo dos tr\u00eas dias, os policiais militares, oriundos de diversas unidades de Curitiba e Regi\u00e3o Metropolitana e Interior do Estado, passam por aulas e palestras sobre os procedimentos que devem ser adotados no trabalho junto a moradores e turistas. Isso envolve desde o atendimento de ocorr\u00eancias at\u00e9 os tr\u00e2mites administrativos nas unidades da PMPR no Litoral.<\/p>\n\n\n\n<ul class=\"wp-block-list\"><li><strong><a href=\"https:\/\/www.aen.pr.gov.br\/Noticia\/Governo-aumenta-em-55-o-valor-da-diaria-dos-guarda-vidas-civis-voluntarios\" target=\"_blank\" rel=\"noreferrer noopener\">Governo aumenta em 55% o valor da di\u00e1ria dos guarda-vidas civis volunt\u00e1rios<\/a><\/strong><\/li><\/ul>\n\n\n\n<p>O efetivo \u00e9 formado por volunt\u00e1rios que se dispuseram a trabalhar em apoio ao 9\u00ba Batalh\u00e3o de Pol\u00edcia Militar (9\u00ba BPM), pertencente ao 6\u00ba Comando Regional da PM (6\u00ba CRPM).<\/p>\n\n\n\n<p>\u201cEsses policiais militares recebem instru\u00e7\u00f5es de primeiros socorros, t\u00e9cnicas de abordagens, o novo sistema de despacho de ocorr\u00eancias online. E a Pol\u00edcia Militar j\u00e1 inicia a temporada na sexta-feira, dia 16 de dezembro\u201d, destacou o tenente-coronel Durval Tavares Junior, comandante do 9\u00ba Batalh\u00e3o da Pol\u00edcia Militar no Litoral e respons\u00e1vel pela coordena\u00e7\u00e3o do Ver\u00e3o Maior Paran\u00e1 pela PMPR.<\/p>\n\n\n\n<ul class=\"wp-block-list\"><li><strong><a href=\"https:\/\/www.aen.pr.gov.br\/Noticia\/Proprietarios-de-imoveis-no-Litoral-devem-deixar-tudo-em-ordem-para-o-verao-orienta-Sanepar\" target=\"_blank\" rel=\"noreferrer noopener\">Propriet\u00e1rios de im\u00f3veis no Litoral devem deixar tudo em ordem para o ver\u00e3o, orienta a Sanepar<\/a><\/strong><\/li><\/ul>\n\n\n\n<p>Ao todo, s\u00e3o 13 disciplinas abordadas, totalizando cerca de 30 horas-aula, compreendendo temas como t\u00e9cnicas de abordagem, armamento, procedimentos em ocorr\u00eancias de perturba\u00e7\u00e3o do sossego, isolamento e preserva\u00e7\u00e3o local de crime.<\/p>\n\n\n\n<p>AEN<\/p>\n","protected":false},"excerpt":{"rendered":"<p>O efetivo da Pol\u00edcia Militar do Paran\u00e1 (PMPR) que atuar\u00e1 no Ver\u00e3o Maior Paran\u00e1 2022\/2023 participa nesta semana de instru\u00e7\u00f5es de nivelamento com o objetivo de atualizar e preparar para os trabalhos na temporada. A atividade come\u00e7ou na ter\u00e7a-feira (13) e segue at\u00e9 esta quinta (15). Ao longo dos tr\u00eas dias, os policiais militares, oriundos [&hellip;]<\/p>\n","protected":false},"author":2,"featured_media":40899,"comment_status":"open","ping_status":"open","sticky":false,"template":"","format":"standard","meta":{"advanced_seo_description":"","jetpack_seo_html_title":"","jetpack_seo_noindex":false,"_jetpack_memberships_contains_paid_content":false,"footnotes":""},"categories":[33],"tags":[],"class_list":{"0":"post-40898","1":"post","2":"type-post","3":"status-publish","4":"format-standard","5":"has-post-thumbnail","7":"category-policia"},"jetpack_featured_media_url":"https:\/\/www.paranapraia.com.br\/wp-content\/uploads\/2022\/12\/leo06744-scaled.jpg","jetpack_sharing_enabled":true,"_links":{"self":[{"href":"https:\/\/www.paranapraia.com.br\/index.php\/wp-json\/wp\/v2\/posts\/40898"}],"collection":[{"href":"https:\/\/www.paranapraia.com.br\/index.php\/wp-json\/wp\/v2\/posts"}],"about":[{"href":"https:\/\/www.paranapraia.com.br\/index.php\/wp-json\/wp\/v2\/types\/post"}],"author":[{"embeddable":true,"href":"https:\/\/www.paranapraia.com.br\/index.php\/wp-json\/wp\/v2\/users\/2"}],"replies":[{"embeddable":true,"href":"https:\/\/www.paranapraia.com.br\/index.php\/wp-json\/wp\/v2\/comments?post=40898"}],"version-history":[{"count":1,"href":"https:\/\/www.paranapraia.com.br\/index.php\/wp-json\/wp\/v2\/posts\/40898\/revisions"}],"predecessor-version":[{"id":40900,"href":"https:\/\/www.paranapraia.com.br\/index.php\/wp-json\/wp\/v2\/posts\/40898\/revisions\/40900"}],"wp:featuredmedia":[{"embeddable":true,"href":"https:\/\/www.paranapraia.com.br\/index.php\/wp-json\/wp\/v2\/media\/40899"}],"wp:attachment":[{"href":"https:\/\/www.paranapraia.com.br\/index.php\/wp-json\/wp\/v2\/media?parent=40898"}],"wp:term":[{"taxonomy":"category","embeddable":true,"href":"https:\/\/www.paranapraia.com.br\/index.php\/wp-json\/wp\/v2\/categories?post=40898"},{"taxonomy":"post_tag","embeddable":true,"href":"https:\/\/www.paranapraia.com.br\/index.php\/wp-json\/wp\/v2\/tags?post=40898"}],"curies":[{"name":"wp","href":"https:\/\/api.w.org\/{rel}","templated":true}]}}