{"id":40894,"date":"2022-12-14T11:33:42","date_gmt":"2022-12-14T14:33:42","guid":{"rendered":"https:\/\/www.paranapraia.com.br\/?p=40894"},"modified":"2022-12-14T11:33:44","modified_gmt":"2022-12-14T14:33:44","slug":"governador-sanciona-lei-que-institui-programa-estadual-de-conservacao-de-grandes-felinos","status":"publish","type":"post","link":"https:\/\/www.paranapraia.com.br\/index.php\/2022\/12\/14\/governador-sanciona-lei-que-institui-programa-estadual-de-conservacao-de-grandes-felinos\/","title":{"rendered":"Governador sanciona lei que institui Programa Estadual de Conserva\u00e7\u00e3o de Grandes Felinos"},"content":{"rendered":"\n<p>O governador Carlos Massa Ratinho Junior sancionou nesta ter\u00e7a-feira (13) a&nbsp;<a href=\"https:\/\/www.aen.pr.gov.br\/sites\/default\/arquivos_restritos\/files\/documento\/2022-12\/pl486.2022lei21.306_ass_1.pdf\" target=\"_blank\" rel=\"noreferrer noopener\">lei 21.306\/2022<\/a>&nbsp;, que institui o Programa de Conserva\u00e7\u00e3o de Grandes Felinos no Estado. S\u00e3o considerados grandes felinos a on\u00e7a-pintada (<em>Panthera onca<\/em>) e a on\u00e7a-parda (<em>Puma concolor<\/em>). A primeira \u00e9 considerada em perigo de extin\u00e7\u00e3o no Estado do Paran\u00e1 e a segunda tem situa\u00e7\u00e3o vulner\u00e1vel.<\/p>\n\n\n\n<p>O Programa de Conserva\u00e7\u00e3o de Grandes Felinos ter\u00e1 como linhas de a\u00e7\u00e3o a elabora\u00e7\u00e3o de pol\u00edticas p\u00fablicas e legisla\u00e7\u00e3o; prote\u00e7\u00e3o, conserva\u00e7\u00e3o, restaura\u00e7\u00e3o e conex\u00e3o de habitats; pesquisa cient\u00edfica e extens\u00e3o; monitoramento e manejo populacional; sa\u00fade \u00fanica; fiscaliza\u00e7\u00e3o; gest\u00e3o de conflitos; educa\u00e7\u00e3o ambiental; e comunica\u00e7\u00e3o e engajamento.<\/p>\n\n\n\n<p>A coordena\u00e7\u00e3o do programa \u00e9 de responsabilidade da Secretaria do Desenvolvimento Sustent\u00e1vel e do Turismo (Sedest), que dever\u00e1, tamb\u00e9m, coordenar a elabora\u00e7\u00e3o de um Plano de A\u00e7\u00e3o. O objetivo \u00e9 que ele seja integrado por diversas entidades p\u00fablicas e privadas. As institui\u00e7\u00f5es respons\u00e1veis por cada linha ser\u00e3o definidas nesse plano.<\/p>\n\n\n\n<ul class=\"wp-block-list\"><li><strong><a href=\"https:\/\/www.aen.pr.gov.br\/Noticia\/Poliniza-Parana-e-destaque-em-premio-do-Ministerio-do-Meio-Ambiente\" target=\"_blank\" rel=\"noreferrer noopener\">Poliniza Paran\u00e1 \u00e9 destaque em pr\u00eamio do Minist\u00e9rio do Meio Ambiente<\/a><\/strong><\/li><\/ul>\n\n\n\n<p>O programa tamb\u00e9m&nbsp;prev\u00ea a cria\u00e7\u00e3o de um banco de dados de ocorr\u00eancias envolvendo esses animais dentro do territ\u00f3rio paranaense, o que ajudar\u00e1 a mapear a quantidade, onde eles vivem e os n\u00edveis de amea\u00e7a contra a fauna.<\/p>\n\n\n\n<p>Os recursos para a execu\u00e7\u00e3o dos projetos podem vir de dota\u00e7\u00f5es or\u00e7ament\u00e1rias; emendas parlamentares; recursos resultantes de editais, doa\u00e7\u00f5es, contribui\u00e7\u00f5es em dinheiro, valores, bens m\u00f3veis e im\u00f3veis, recebidos de pessoas f\u00edsicas e jur\u00eddicas; recursos decorrentes de acordos, conv\u00eanios, parcerias, ajustes e contratos firmados com \u00f3rg\u00e3os p\u00fablicos e entidades privadas e do terceiro setor, nacionais, estrangeiras ou internacionais e ag\u00eancias de coopera\u00e7\u00e3o internacional; recursos do Fundo Estadual do Meio Ambiente; medidas compensat\u00f3rias, condicionantes ambientais e convers\u00e3o de multas; e recursos destinados \u00e0 educa\u00e7\u00e3o ambiental.<\/p>\n\n\n\n<ul class=\"wp-block-list\"><li><strong><a href=\"https:\/\/www.aen.pr.gov.br\/Noticia\/Projetos-ambientais-paranaenses-sao-destaques-em-painel-da-COP15-no-Canada\" target=\"_blank\" rel=\"noreferrer noopener\">Projetos ambientais paranaenses s\u00e3o destaques em painel da COP15, no Canad\u00e1<\/a><\/strong><\/li><li><strong><a href=\"https:\/\/www.aen.pr.gov.br\/Noticia\/Parana-entrega-certificados-empresas-e-companhias-que-cumprem-papel-ambiental\" target=\"_blank\" rel=\"noreferrer noopener\">Paran\u00e1 entrega certificados a empresas e companhias que cumprem papel ambiental<\/a><\/strong><\/li><\/ul>\n\n\n\n<p><strong>FAUNA&nbsp;<\/strong>\u2013 Essa iniciativa complementa uma s\u00e9rie de a\u00e7\u00f5es em desenvolvimento para a prote\u00e7\u00e3o da fauna silvestre. O Paran\u00e1 estruturou espa\u00e7os para atendimento de animais vitimados, os chamados Centros de Apoio de Fauna Silvestre (CAFS), com unidades em Guarapuava, Londrina, Cascavel, Maring\u00e1 e Curitiba, al\u00e9m do Centro de Triagem de Animais Silvestres (CETAS) Campos Gerais, em Ponta Grossa. Somente nesses centros, mais de 10 mil animais foram atendidos desde 2019.<\/p>\n\n\n\n<p>O Estado tamb\u00e9m normatizou os resgates de animais. A&nbsp;<a href=\"https:\/\/www.legislacao.pr.gov.br\/legislacao\/listarAtosAno.do?action=exibir&amp;codAto=272930&amp;indice=1&amp;totalRegistros=14&amp;anoSpan=2022&amp;anoSelecionado=2022&amp;mesSelecionado=0&amp;isPaginado=true\" target=\"_blank\" rel=\"noreferrer noopener\">Resolu\u00e7\u00e3o Conjunta SEDEST\/IAT n\u00ba 013\/2022<\/a>&nbsp;regulamentou a compet\u00eancia de resgate, atendimento e destina\u00e7\u00e3o adequada aos animais silvestres vitimados em \u00e1reas urbanas e periurbanas. Ela estabelece que os munic\u00edpios s\u00e3o os respons\u00e1veis pelo atendimento e que IAT, Batalh\u00e3o de Pol\u00edcia Ambiental \u2013 For\u00e7a Verde (BPAmb-FV), Corpo de Bombeiros e Defesa Civil podem ser acionados para apoiar o resgate, translado e soltura de fauna silvestre em situa\u00e7\u00f5es emergenciais, de risco ou de cr\u00edtico atendimento.<\/p>\n\n\n\n<p>O Paran\u00e1 tamb\u00e9m fez ades\u00e3o \u00e0 campanha nacional do Urubuzar, para conscientizar motoristas com rela\u00e7\u00e3o ao atropelamento de animais silvestres nas estradas, em que os felinos acabam sendo v\u00edtimas. Al\u00e9m disso, para promover a transpar\u00eancia dos atendimentos relacionados \u00e0 fauna vitimada, o Governo do Estado lan\u00e7ou neste ano um portal\u00a0<a rel=\"noreferrer noopener\" href=\"https:\/\/iatparana.maps.arcgis.com\/apps\/dashboards\/c45c4354f77e47dfa7570ba2bec2bc22\" target=\"_blank\">\u201cFauna Vitimada em N\u00fameros\u201d<\/a>, com que servem para novos estudos sobre o crescimento das esp\u00e9cies e de poss\u00edveis amea\u00e7as de extin\u00e7\u00e3o.<\/p>\n\n\n\n<p>AEN<\/p>\n","protected":false},"excerpt":{"rendered":"<p>O governador Carlos Massa Ratinho Junior sancionou nesta ter\u00e7a-feira (13) a&nbsp;lei 21.306\/2022&nbsp;, que institui o Programa de Conserva\u00e7\u00e3o de Grandes Felinos no Estado. S\u00e3o considerados grandes felinos a on\u00e7a-pintada (Panthera onca) e a on\u00e7a-parda (Puma concolor). A primeira \u00e9 considerada em perigo de extin\u00e7\u00e3o no Estado do Paran\u00e1 e a segunda tem situa\u00e7\u00e3o vulner\u00e1vel. O [&hellip;]<\/p>\n","protected":false},"author":2,"featured_media":40895,"comment_status":"open","ping_status":"open","sticky":false,"template":"","format":"standard","meta":{"advanced_seo_description":"","jetpack_seo_html_title":"","jetpack_seo_noindex":false,"_jetpack_memberships_contains_paid_content":false,"footnotes":""},"categories":[40],"tags":[],"class_list":{"0":"post-40894","1":"post","2":"type-post","3":"status-publish","4":"format-standard","5":"has-post-thumbnail","7":"category-destaques"},"jetpack_featured_media_url":"https:\/\/www.paranapraia.com.br\/wp-content\/uploads\/2022\/12\/governador_ratinho_junior_7-scaled.jpg","jetpack_sharing_enabled":true,"_links":{"self":[{"href":"https:\/\/www.paranapraia.com.br\/index.php\/wp-json\/wp\/v2\/posts\/40894"}],"collection":[{"href":"https:\/\/www.paranapraia.com.br\/index.php\/wp-json\/wp\/v2\/posts"}],"about":[{"href":"https:\/\/www.paranapraia.com.br\/index.php\/wp-json\/wp\/v2\/types\/post"}],"author":[{"embeddable":true,"href":"https:\/\/www.paranapraia.com.br\/index.php\/wp-json\/wp\/v2\/users\/2"}],"replies":[{"embeddable":true,"href":"https:\/\/www.paranapraia.com.br\/index.php\/wp-json\/wp\/v2\/comments?post=40894"}],"version-history":[{"count":1,"href":"https:\/\/www.paranapraia.com.br\/index.php\/wp-json\/wp\/v2\/posts\/40894\/revisions"}],"predecessor-version":[{"id":40896,"href":"https:\/\/www.paranapraia.com.br\/index.php\/wp-json\/wp\/v2\/posts\/40894\/revisions\/40896"}],"wp:featuredmedia":[{"embeddable":true,"href":"https:\/\/www.paranapraia.com.br\/index.php\/wp-json\/wp\/v2\/media\/40895"}],"wp:attachment":[{"href":"https:\/\/www.paranapraia.com.br\/index.php\/wp-json\/wp\/v2\/media?parent=40894"}],"wp:term":[{"taxonomy":"category","embeddable":true,"href":"https:\/\/www.paranapraia.com.br\/index.php\/wp-json\/wp\/v2\/categories?post=40894"},{"taxonomy":"post_tag","embeddable":true,"href":"https:\/\/www.paranapraia.com.br\/index.php\/wp-json\/wp\/v2\/tags?post=40894"}],"curies":[{"name":"wp","href":"https:\/\/api.w.org\/{rel}","templated":true}]}}