{"id":40891,"date":"2022-12-14T10:39:00","date_gmt":"2022-12-14T13:39:00","guid":{"rendered":"https:\/\/www.paranapraia.com.br\/?p=40891"},"modified":"2022-12-13T16:14:16","modified_gmt":"2022-12-13T19:14:16","slug":"programa-de-apoio-a-mulheres-refugiadas-tem-participacao-de-voluntarios-da-copel","status":"publish","type":"post","link":"https:\/\/www.paranapraia.com.br\/index.php\/2022\/12\/14\/programa-de-apoio-a-mulheres-refugiadas-tem-participacao-de-voluntarios-da-copel\/","title":{"rendered":"Programa de apoio a mulheres refugiadas tem participa\u00e7\u00e3o de volunt\u00e1rios da Copel"},"content":{"rendered":"\n<p>Volunt\u00e1rios da Copel est\u00e3o participando de uma iniciativa&nbsp;que busca dar apoio a fam\u00edlias vindas de outros pa\u00edses para se estabelecerem no Brasil.&nbsp;Esta \u00e9 a primeira edi\u00e7\u00e3o do programa \u201cEmpoderando Refugiadas\u201d no Sul do Brasil. A realiza\u00e7\u00e3o \u00e9 da ACNUR, ag\u00eancia da ONU para migrantes e refugiados, em parceria com a C\u00e1ritas Paran\u00e1 e C\u00e1ritas Curitiba.<\/p>\n\n\n\n<p>Ao longo das \u00faltimas semanas essas fam\u00edlias participaram de um curso de capacita\u00e7\u00e3o em vendas oferecido pelo Senac e oficinas com os volunt\u00e1rios.&nbsp;Cerca de 40 servidores da Copel falaram sobre temas como direitos e leis no Brasil; sistema de sa\u00fade e autocuidado; curr\u00edculo e empregabilidade; acesso a servi\u00e7os b\u00e1sicos de assist\u00eancia social e energia; uso seguro de energia el\u00e9trica; e cultura brasileira.<\/p>\n\n\n\n<p>Al\u00e9m disso, os profissionais se revezaram durante todas as etapas para ajudar com portugu\u00eas durante as aulas e para ofertar recrea\u00e7\u00e3o infantil aos filhos das mulheres atendidas, garantindo que elas pudessem se dedicar integralmente \u00e0s atividades formativas.<\/p>\n\n\n\n<p>Nesta quarta-feira (14), das 9h \u00e0s 12h30, haver\u00e1 uma feira de empregabilidade para as mulheres refugiadas.&nbsp;Ela ocorrer\u00e1 no Museu Paranaense. Todas as participantes podem se candidatar a vagas de empresas parceiras da ACNUR, apresentando os curr\u00edculos produzidos nas oficinas.<\/p>\n\n\n\n<p><strong>DIREITOS HUMANOS<\/strong>&nbsp;\u2013 Para facilitar a compreens\u00e3o sobre os servi\u00e7os essenciais e programas sociais ligados ao fornecimento de energia el\u00e9trica, a Copel editou cartilhas em seis idiomas: portugu\u00eas, ingl\u00eas, espanhol, crioulo haitiano, franc\u00eas e ucraniano. Elas podem ser acessadas por meio&nbsp;<a href=\"https:\/\/copelsustentabilidade.com\/social\/direitos-humanos\/\" target=\"_blank\" rel=\"noreferrer noopener\">deste link<\/a>, que tamb\u00e9m cont\u00e9m informa\u00e7\u00f5es sobre as pol\u00edticas da Copel em prol dos Direitos Humanos.<\/p>\n\n\n\n<p>Neste m\u00eas, celebram-se os 74 anos da Declara\u00e7\u00e3o Universal dos Direitos Humanos, o primeiro documento de car\u00e1ter universal dedicado \u00e0 garantia de vida digna para todos e todas, que tem inspirado desde ent\u00e3o as constitui\u00e7\u00f5es de Estados democr\u00e1ticos. Como signat\u00e1ria do Pacto Global da ONU, a Copel vem atuando no aprimoramento de processos para identificar poss\u00edveis transgress\u00f5es aos direitos humanos em sua rede de partes interessadas.<\/p>\n\n\n\n<p>Fazem parte dessas iniciativas a publica\u00e7\u00e3o de uma pol\u00edtica de direitos humanos, que tem entre as principais diretrizes o processo de devida dilig\u00eancia, combate a atitudes discriminat\u00f3rias e viola\u00e7\u00f5es aos direitos humanos e valoriza\u00e7\u00e3o da diversidade. Estes conceitos s\u00e3o compartilhados com os fornecedores da empresa, por meio de forma\u00e7\u00f5es ofertadas ao longo de todo o&nbsp;ano, sobre temas como seguran\u00e7a no trabalho, \u00e9tica, sustentabilidade, direitos humanos, diversidade e combate \u00e0 viol\u00eancia contra a mulher.<\/p>\n\n\n\n<p>A Copel tem compromissos volunt\u00e1rios firmados com a Organiza\u00e7\u00e3o das Na\u00e7\u00f5es Unidas (ONU) e com a Controladoria-Geral da Uni\u00e3o (CGU) para ajudar a garantir os direitos. Entre eles est\u00e3o o Pacto Global da Organiza\u00e7\u00e3o das Na\u00e7\u00f5es Unidas, o Pacto Empresarial pela Integridade e Contra a Corrup\u00e7\u00e3o, a Plataforma Agenda 2030 para o Desenvolvimento Sustent\u00e1vel e o selo Pr\u00f3-\u00c9tica. Neste \u00e2mbito, o voluntariado corporativo \u00e9 incentivado por meio do Programa EletriCidadania.<\/p>\n\n\n\n<p>AEN<\/p>\n","protected":false},"excerpt":{"rendered":"<p>Volunt\u00e1rios da Copel est\u00e3o participando de uma iniciativa&nbsp;que busca dar apoio a fam\u00edlias vindas de outros pa\u00edses para se estabelecerem no Brasil.&nbsp;Esta \u00e9 a primeira edi\u00e7\u00e3o do programa \u201cEmpoderando Refugiadas\u201d no Sul do Brasil. A realiza\u00e7\u00e3o \u00e9 da ACNUR, ag\u00eancia da ONU para migrantes e refugiados, em parceria com a C\u00e1ritas Paran\u00e1 e C\u00e1ritas Curitiba. [&hellip;]<\/p>\n","protected":false},"author":2,"featured_media":40892,"comment_status":"open","ping_status":"open","sticky":false,"template":"","format":"standard","meta":{"advanced_seo_description":"","jetpack_seo_html_title":"","jetpack_seo_noindex":false,"_jetpack_memberships_contains_paid_content":false,"footnotes":""},"categories":[40],"tags":[],"class_list":{"0":"post-40891","1":"post","2":"type-post","3":"status-publish","4":"format-standard","5":"has-post-thumbnail","7":"category-destaques"},"jetpack_featured_media_url":"https:\/\/www.paranapraia.com.br\/wp-content\/uploads\/2022\/12\/imagem_01-scaled.jpg","jetpack_sharing_enabled":true,"_links":{"self":[{"href":"https:\/\/www.paranapraia.com.br\/index.php\/wp-json\/wp\/v2\/posts\/40891"}],"collection":[{"href":"https:\/\/www.paranapraia.com.br\/index.php\/wp-json\/wp\/v2\/posts"}],"about":[{"href":"https:\/\/www.paranapraia.com.br\/index.php\/wp-json\/wp\/v2\/types\/post"}],"author":[{"embeddable":true,"href":"https:\/\/www.paranapraia.com.br\/index.php\/wp-json\/wp\/v2\/users\/2"}],"replies":[{"embeddable":true,"href":"https:\/\/www.paranapraia.com.br\/index.php\/wp-json\/wp\/v2\/comments?post=40891"}],"version-history":[{"count":1,"href":"https:\/\/www.paranapraia.com.br\/index.php\/wp-json\/wp\/v2\/posts\/40891\/revisions"}],"predecessor-version":[{"id":40893,"href":"https:\/\/www.paranapraia.com.br\/index.php\/wp-json\/wp\/v2\/posts\/40891\/revisions\/40893"}],"wp:featuredmedia":[{"embeddable":true,"href":"https:\/\/www.paranapraia.com.br\/index.php\/wp-json\/wp\/v2\/media\/40892"}],"wp:attachment":[{"href":"https:\/\/www.paranapraia.com.br\/index.php\/wp-json\/wp\/v2\/media?parent=40891"}],"wp:term":[{"taxonomy":"category","embeddable":true,"href":"https:\/\/www.paranapraia.com.br\/index.php\/wp-json\/wp\/v2\/categories?post=40891"},{"taxonomy":"post_tag","embeddable":true,"href":"https:\/\/www.paranapraia.com.br\/index.php\/wp-json\/wp\/v2\/tags?post=40891"}],"curies":[{"name":"wp","href":"https:\/\/api.w.org\/{rel}","templated":true}]}}