{"id":40888,"date":"2022-12-14T10:11:00","date_gmt":"2022-12-14T13:11:00","guid":{"rendered":"https:\/\/www.paranapraia.com.br\/?p=40888"},"modified":"2022-12-13T16:12:49","modified_gmt":"2022-12-13T19:12:49","slug":"com-baixa-procura-saude-alerta-para-importancia-da-vacinacao-durante-a-gestacao","status":"publish","type":"post","link":"https:\/\/www.paranapraia.com.br\/index.php\/2022\/12\/14\/com-baixa-procura-saude-alerta-para-importancia-da-vacinacao-durante-a-gestacao\/","title":{"rendered":"Com baixa procura, Sa\u00fade alerta para import\u00e2ncia da vacina\u00e7\u00e3o durante a gesta\u00e7\u00e3o"},"content":{"rendered":"\n<p>Dados do Sistema de Informa\u00e7\u00e3o do Programa Nacional de Imuniza\u00e7\u00f5es (SIPNI) revelam que, em 2022, a cobertura vacinal para a tr\u00edplice bacteriana, imunizante que protege contra coqueluche, difteria e t\u00e9tano, \u00e9 de apenas 44% no Paran\u00e1 \u2013 ela faz parte do calend\u00e1rio obrigat\u00f3rio de vacina\u00e7\u00e3o para gr\u00e1vidas e a meta de cobertura vacinal \u00e9 de 95%.<\/p>\n\n\n\n<p>O secret\u00e1rio estadual da Sa\u00fade, Beto Preto, destaca que toda vacina possui sua import\u00e2ncia. No caso dos imunizantes para gesta\u00e7\u00e3o, elas protegem n\u00e3o somente a m\u00e3e como tamb\u00e9m o beb\u00ea em forma\u00e7\u00e3o.<\/p>\n\n\n\n<p>\u201cEsses n\u00fameros s\u00e3o preocupantes, uma vez que est\u00e3o muito distantes da meta, estipulada em 95%. Por isso, fazemos um apelo, com muita preocupa\u00e7\u00e3o, para que as gestantes possam comparecer ao posto de vacina\u00e7\u00e3o mais pr\u00f3ximo e solicitar o imunizante. Vacinas s\u00e3o seguras e salvam vidas\u201d, alerta o secret\u00e1rio.<\/p>\n\n\n\n<p>O imunizante, tamb\u00e9m conhecido como dTpa ou vacina tr\u00edplice bacteriana acelular do tipo adulto, \u00e9 ofertado a partir da 20\u00aa semana (5\u00ba m\u00eas) de gravidez,&nbsp;protegendo n\u00e3o apenas a m\u00e3e, como fornecendo imuniza\u00e7\u00e3o passiva contra coqueluche ao beb\u00ea que ainda est\u00e1 no \u00fatero, assim como ao rec\u00e9m-nascido. A vacina deve ser administrada uma vez a cada nova gesta\u00e7\u00e3o.&nbsp;<\/p>\n\n\n\n<p>Al\u00e9m de outras especificidades, \u00e9 comum observar uma relativa diminui\u00e7\u00e3o na imunidade durante o per\u00edodo gestacional. Essas altera\u00e7\u00f5es tendem a se manter ao longo da gesta\u00e7\u00e3o, com retorno gradual \u00e0 normalidade imunol\u00f3gica ap\u00f3s o parto.<\/p>\n\n\n\n<p>\u201cEmbora a vacina esteja dispon\u00edvel tamb\u00e9m para trabalhadores de sa\u00fade, ela recebe uma aten\u00e7\u00e3o especial para o caso da popula\u00e7\u00e3o gestante, sobretudo pela rela\u00e7\u00e3o entre a m\u00e3e e o beb\u00ea. Nesse per\u00edodo, a imunidade da crian\u00e7a encontra-se em uma condi\u00e7\u00e3o prim\u00e1ria, ainda em forma\u00e7\u00e3o, da\u00ed a necessidade ainda mais evidente da prote\u00e7\u00e3o\u201d, explica a coordenadora de Vigil\u00e2ncia Epidemiol\u00f3gica da Sesa, Ac\u00e1cia Nasr.<\/p>\n\n\n\n<p><strong>DOEN\u00c7AS<\/strong>&nbsp;\u2013&nbsp;Geralmente, a transmiss\u00e3o da difteria e coqueluche ocorre por meio de got\u00edculas de secre\u00e7\u00e3o respirat\u00f3ria que podem decorrer por meio de tosses, espirros ou at\u00e9 mesmo durante uma conversa.<\/p>\n\n\n\n<p>J\u00e1 o t\u00e9tano neonatal acontece por meio de contamina\u00e7\u00e3o do coto umbilical com esporos da bact\u00e9ria, podendo estar presente em instrumentos que n\u00e3o receberam esteriliza\u00e7\u00e3o adequada. Em todos os casos, a Sesa refor\u00e7a a import\u00e2ncia da imuniza\u00e7\u00e3o como principal ferramenta de preven\u00e7\u00e3o, podendo impedir agravamento das doen\u00e7as e at\u00e9 mesmo o \u00f3bito.<\/p>\n\n\n\n<p>Al\u00e9m da tr\u00edplice viral, outras vacinas de rotina para as gestantes s\u00e3o a Hepatite B concomitante e a Difteria e T\u00e9tano (dT).<\/p>\n\n\n\n<p>AEN<\/p>\n","protected":false},"excerpt":{"rendered":"<p>Dados do Sistema de Informa\u00e7\u00e3o do Programa Nacional de Imuniza\u00e7\u00f5es (SIPNI) revelam que, em 2022, a cobertura vacinal para a tr\u00edplice bacteriana, imunizante que protege contra coqueluche, difteria e t\u00e9tano, \u00e9 de apenas 44% no Paran\u00e1 \u2013 ela faz parte do calend\u00e1rio obrigat\u00f3rio de vacina\u00e7\u00e3o para gr\u00e1vidas e a meta de cobertura vacinal \u00e9 de [&hellip;]<\/p>\n","protected":false},"author":2,"featured_media":40889,"comment_status":"open","ping_status":"open","sticky":false,"template":"","format":"standard","meta":{"advanced_seo_description":"","jetpack_seo_html_title":"","jetpack_seo_noindex":false,"_jetpack_memberships_contains_paid_content":false,"footnotes":""},"categories":[40],"tags":[],"class_list":{"0":"post-40888","1":"post","2":"type-post","3":"status-publish","4":"format-standard","5":"has-post-thumbnail","7":"category-destaques"},"jetpack_featured_media_url":"https:\/\/www.paranapraia.com.br\/wp-content\/uploads\/2022\/12\/20190606_agb_vacina_gripe5-scaled.jpg","jetpack_sharing_enabled":true,"_links":{"self":[{"href":"https:\/\/www.paranapraia.com.br\/index.php\/wp-json\/wp\/v2\/posts\/40888"}],"collection":[{"href":"https:\/\/www.paranapraia.com.br\/index.php\/wp-json\/wp\/v2\/posts"}],"about":[{"href":"https:\/\/www.paranapraia.com.br\/index.php\/wp-json\/wp\/v2\/types\/post"}],"author":[{"embeddable":true,"href":"https:\/\/www.paranapraia.com.br\/index.php\/wp-json\/wp\/v2\/users\/2"}],"replies":[{"embeddable":true,"href":"https:\/\/www.paranapraia.com.br\/index.php\/wp-json\/wp\/v2\/comments?post=40888"}],"version-history":[{"count":1,"href":"https:\/\/www.paranapraia.com.br\/index.php\/wp-json\/wp\/v2\/posts\/40888\/revisions"}],"predecessor-version":[{"id":40890,"href":"https:\/\/www.paranapraia.com.br\/index.php\/wp-json\/wp\/v2\/posts\/40888\/revisions\/40890"}],"wp:featuredmedia":[{"embeddable":true,"href":"https:\/\/www.paranapraia.com.br\/index.php\/wp-json\/wp\/v2\/media\/40889"}],"wp:attachment":[{"href":"https:\/\/www.paranapraia.com.br\/index.php\/wp-json\/wp\/v2\/media?parent=40888"}],"wp:term":[{"taxonomy":"category","embeddable":true,"href":"https:\/\/www.paranapraia.com.br\/index.php\/wp-json\/wp\/v2\/categories?post=40888"},{"taxonomy":"post_tag","embeddable":true,"href":"https:\/\/www.paranapraia.com.br\/index.php\/wp-json\/wp\/v2\/tags?post=40888"}],"curies":[{"name":"wp","href":"https:\/\/api.w.org\/{rel}","templated":true}]}}