{"id":40885,"date":"2022-12-14T08:40:00","date_gmt":"2022-12-14T11:40:00","guid":{"rendered":"https:\/\/www.paranapraia.com.br\/?p=40885"},"modified":"2022-12-13T14:37:04","modified_gmt":"2022-12-13T17:37:04","slug":"imposto-de-renda-prazo-para-doacao-ao-fundo-estadual-do-idoso-termina-dia-29","status":"publish","type":"post","link":"https:\/\/www.paranapraia.com.br\/index.php\/2022\/12\/14\/imposto-de-renda-prazo-para-doacao-ao-fundo-estadual-do-idoso-termina-dia-29\/","title":{"rendered":"Imposto de Renda: prazo para doa\u00e7\u00e3o ao Fundo Estadual do Idoso termina dia 29"},"content":{"rendered":"\n<p>A popula\u00e7\u00e3o pode doar parte do tributo devido do Imposto de Renda 2023 ao Fundo Estadual dos Direitos do Idoso do Paran\u00e1 (Fipar). O prazo para pessoas f\u00edsicas \u00e9 at\u00e9 o dia 29 de dezembro e para pessoas jur\u00eddicas encerra no \u00faltimo dia do per\u00edodo fiscal, trimestral ou anual.<\/p>\n\n\n\n<p>Os recursos arrecadados fortalecem projetos, programas e servi\u00e7os de prote\u00e7\u00e3o, promo\u00e7\u00e3o e defesa dos direitos da pessoa idosa em todo o Estado, seguindo as delibera\u00e7\u00f5es do Conselho Estadual dos Direitos do Idoso (Cedi-PR). Para doar, basta fazer um dep\u00f3sito em conta corrente (veja os dados abaixo).<\/p>\n\n\n\n<p>Pessoas f\u00edsicas podem destinar at\u00e9 6% do imposto de renda devido. Para pessoas jur\u00eddicas o limite \u00e9 de 1%, desde que a empresa esteja no regime de tributa\u00e7\u00e3o de lucro real.<\/p>\n\n\n\n<ul class=\"wp-block-list\"><li><strong><a href=\"https:\/\/www.aen.pr.gov.br\/Noticia\/Estado-amigo-da-pessoa-idosa-Parana-e-referencia-em-atendimento-este-publico\" target=\"_blank\" rel=\"noreferrer noopener\">Estado amigo da pessoa idosa, Paran\u00e1 \u00e9 refer\u00eancia em atendimento a este p\u00fablico<\/a><\/strong><\/li><\/ul>\n\n\n\n<p>Em 2022, o Cedi-PR aplicou R$ 11,3 milh\u00f5es do Fipar em programas, capacita\u00e7\u00f5es e a\u00e7\u00f5es executadas nos munic\u00edpios, em parceria com as prefeituras, e, pela primeira vez no Paran\u00e1, para fomento \u00e0s Institui\u00e7\u00f5es de Longa Perman\u00eancia para Idosos (ILPIs) p\u00fablicas ou gerenciadas por Organiza\u00e7\u00f5es da Sociedade Civil (OSC).<\/p>\n\n\n\n<p>\u201cO trabalho do Governo do Paran\u00e1 com a sociedade civil organizada, representada dentro do Cedi-PR, traz excelentes resultados que nos colocam como o primeiro Estado Amigo da Pessoa Idosa, al\u00e9m de termos 23 das 29 cidades Amigas do Idoso no Brasil, reconhecidas pela Organiza\u00e7\u00e3o Mundial da Sa\u00fade (OMS)\u201d, disse Rog\u00e9rio Carboni, secret\u00e1rio da Justi\u00e7a, Fam\u00edlia e Trabalho (Sejuf), pasta respons\u00e1vel pelas pol\u00edticas voltadas \u00e0 pessoa idosa.<\/p>\n\n\n\n<p>O Estado mant\u00e9m diversos programas e a\u00e7\u00f5es que visam atender todas as necessidades espec\u00edficas para uma vida plena deste p\u00fablico. \u201cAl\u00e9m disso, temos o Disque-Idoso, curso de smartphone em parceria com a Celepar, Condom\u00ednio do Idoso por meio da Cohapar, al\u00e9m de campanhas de conscientiza\u00e7\u00e3o, como o Junho Violeta, como exemplos de pol\u00edticas que melhoram a qualidade de vida da popula\u00e7\u00e3o idosa\u201d, afirmou Carboni.<\/p>\n\n\n\n<ul class=\"wp-block-list\"><li><strong><a href=\"https:\/\/www.aen.pr.gov.br\/Noticia\/Com-programas-intersetoriais-Estado-tem-acoes-que-garantem-protecao-dos-direitos-humanos\" target=\"_blank\" rel=\"noreferrer noopener\">Com programas intersetoriais, Estado tem a\u00e7\u00f5es que garantem prote\u00e7\u00e3o dos direitos humanos<\/a><\/strong><\/li><\/ul>\n\n\n\n<p>Adriana Oliveira, presidente do Cedi-PR e chefe do Departamento de Pol\u00edticas para Pessoa Idosa da Sejuf, refor\u00e7a a necessidade de avan\u00e7ar ainda mais na implementa\u00e7\u00e3o de pol\u00edticas p\u00fablicas. \u201cMudar a forma como pensamos, agimos e enxergamos o envelhecimento \u00e9 o primeiro passo para superar os preconceitos, combater a discrimina\u00e7\u00e3o e atuar na prote\u00e7\u00e3o e garantia dos direitos da pessoa idosa, ou seja, construir uma sociedade para todas as idades\u201d, afirmou.<\/p>\n\n\n\n<p>Ela acrescenta que o Governo do Estado e o Conselho promovem campanhas e elaboram cartilhas, dispon\u00edveis tamb\u00e9m na vers\u00e3o online (acesse&nbsp;<a href=\"https:\/\/www.cedi.pr.gov.br\/\" target=\"_blank\" rel=\"noreferrer noopener\">AQUI<\/a>). \u201c\u00c9 importante destacar que os recursos advindos do Fipar s\u00e3o fundamentais para a implementa\u00e7\u00e3o de pol\u00edticas p\u00fablicas em prol da popula\u00e7\u00e3o idosa do Paran\u00e1\u201d, arrematou.<\/p>\n\n\n\n<p><strong>Confira as dados da conta corrente para doa\u00e7\u00e3o:<\/strong><\/p>\n\n\n\n<p>Dep\u00f3sito em conta corrente<\/p>\n\n\n\n<p>Titular: Fundo Estadual dos Direitos do Idoso \u2013 Fipar<\/p>\n\n\n\n<p>CNPJ: 14.225.701\/0001-33<\/p>\n\n\n\n<p>Banco do Brasil<\/p>\n\n\n\n<p>Ag\u00eancia: 3793-1<\/p>\n\n\n\n<p>Conta corrente: 11.545-2<\/p>\n\n\n\n<p>AEN<\/p>\n","protected":false},"excerpt":{"rendered":"<p>A popula\u00e7\u00e3o pode doar parte do tributo devido do Imposto de Renda 2023 ao Fundo Estadual dos Direitos do Idoso do Paran\u00e1 (Fipar). O prazo para pessoas f\u00edsicas \u00e9 at\u00e9 o dia 29 de dezembro e para pessoas jur\u00eddicas encerra no \u00faltimo dia do per\u00edodo fiscal, trimestral ou anual. Os recursos arrecadados fortalecem projetos, programas [&hellip;]<\/p>\n","protected":false},"author":2,"featured_media":40886,"comment_status":"open","ping_status":"open","sticky":false,"template":"","format":"standard","meta":{"advanced_seo_description":"","jetpack_seo_html_title":"","jetpack_seo_noindex":false,"_jetpack_memberships_contains_paid_content":false,"footnotes":""},"categories":[40],"tags":[],"class_list":{"0":"post-40885","1":"post","2":"type-post","3":"status-publish","4":"format-standard","5":"has-post-thumbnail","7":"category-destaques"},"jetpack_featured_media_url":"https:\/\/www.paranapraia.com.br\/wp-content\/uploads\/2022\/12\/img_3338.jpg","jetpack_sharing_enabled":true,"_links":{"self":[{"href":"https:\/\/www.paranapraia.com.br\/index.php\/wp-json\/wp\/v2\/posts\/40885"}],"collection":[{"href":"https:\/\/www.paranapraia.com.br\/index.php\/wp-json\/wp\/v2\/posts"}],"about":[{"href":"https:\/\/www.paranapraia.com.br\/index.php\/wp-json\/wp\/v2\/types\/post"}],"author":[{"embeddable":true,"href":"https:\/\/www.paranapraia.com.br\/index.php\/wp-json\/wp\/v2\/users\/2"}],"replies":[{"embeddable":true,"href":"https:\/\/www.paranapraia.com.br\/index.php\/wp-json\/wp\/v2\/comments?post=40885"}],"version-history":[{"count":1,"href":"https:\/\/www.paranapraia.com.br\/index.php\/wp-json\/wp\/v2\/posts\/40885\/revisions"}],"predecessor-version":[{"id":40887,"href":"https:\/\/www.paranapraia.com.br\/index.php\/wp-json\/wp\/v2\/posts\/40885\/revisions\/40887"}],"wp:featuredmedia":[{"embeddable":true,"href":"https:\/\/www.paranapraia.com.br\/index.php\/wp-json\/wp\/v2\/media\/40886"}],"wp:attachment":[{"href":"https:\/\/www.paranapraia.com.br\/index.php\/wp-json\/wp\/v2\/media?parent=40885"}],"wp:term":[{"taxonomy":"category","embeddable":true,"href":"https:\/\/www.paranapraia.com.br\/index.php\/wp-json\/wp\/v2\/categories?post=40885"},{"taxonomy":"post_tag","embeddable":true,"href":"https:\/\/www.paranapraia.com.br\/index.php\/wp-json\/wp\/v2\/tags?post=40885"}],"curies":[{"name":"wp","href":"https:\/\/api.w.org\/{rel}","templated":true}]}}