{"id":40870,"date":"2022-12-13T10:30:35","date_gmt":"2022-12-13T13:30:35","guid":{"rendered":"https:\/\/www.paranapraia.com.br\/?p=40870"},"modified":"2022-12-13T10:30:36","modified_gmt":"2022-12-13T13:30:36","slug":"der-pr-avanca-nos-trabalhos-de-recuperacao-do-pavimento-na-estrada-da-graciosa","status":"publish","type":"post","link":"https:\/\/www.paranapraia.com.br\/index.php\/2022\/12\/13\/der-pr-avanca-nos-trabalhos-de-recuperacao-do-pavimento-na-estrada-da-graciosa\/","title":{"rendered":"DER\/PR avan\u00e7a nos trabalhos de recupera\u00e7\u00e3o do pavimento na Estrada da Graciosa"},"content":{"rendered":"\n<p>O Departamento de Estradas de Rodagem do Paran\u00e1 (DER\/PR) iniciou uma nova etapa da recupera\u00e7\u00e3o da Estrada da Graciosa (PR-410), atingida por queda de barreiras no final de novembro, que resultou no rompimento de conten\u00e7\u00e3o que causou uma trinca no pavimento.<\/p>\n\n\n\n<p>Os novos servi\u00e7os v\u00e3o reparar e refor\u00e7ar a cortina atirantada que se rompeu no km 7 da rodovia. Esse \u00e9 um dispositivo de conten\u00e7\u00e3o de aterro que garante a estabilidade da plataforma da rodovia. O dano na cortina resultou em degrau no pavimento e trinca de aproximadamente 50 metros de extens\u00e3o, o que exigiu que a Graciosa fosse totalmente bloqueada para tr\u00e2nsito, garantindo a seguran\u00e7a do usu\u00e1rio e evitando o agravamento da situa\u00e7\u00e3o.<\/p>\n\n\n\n<p>Na semana passada foram conclu\u00eddos os servi\u00e7os de limpeza de pista em todos os locais atingidos por deslizamento de terra e rochas, e no km 7 tamb\u00e9m foram implantados dispositivos para condu\u00e7\u00e3o da \u00e1gua sobre a superf\u00edcie da pista bem como a selagem da trinca para evitar infiltra\u00e7\u00f5es de \u00e1gua da chuva na base da rodovia.<\/p>\n\n\n\n<p>Al\u00e9m disso, foram instalados equipamentos de instrumenta\u00e7\u00e3o geot\u00e9cnica de precis\u00e3o no local atingido, para realizar a medi\u00e7\u00e3o de deslocamentos verticais e horizontais do aterro da rodovia. Os dados indicam movimenta\u00e7\u00e3o milim\u00e9trica, por\u00e9m cont\u00ednua desde o in\u00edcio das medi\u00e7\u00f5es, embasando a urg\u00eancia das medidas que est\u00e3o sendo tomadas.<\/p>\n\n\n\n<p>O DER\/PR estuda liberar parcialmente o tr\u00e1fego no trecho a partir do dia 20 de dezembro, em pista simples, para ve\u00edculos leves, no sistema pare-e-siga, caso estejam garantidas as condi\u00e7\u00f5es de seguran\u00e7a ao usu\u00e1rio. As condi\u00e7\u00f5es clim\u00e1ticas dos pr\u00f3ximos dias v\u00e3o influenciar o andamento dos servi\u00e7os, com chuvas prejudicando o desenvolvimento dos trabalhos.<\/p>\n\n\n\n<p>Tamb\u00e9m est\u00e1 prevista a execu\u00e7\u00e3o de uma nova cortina atirantada, que ir\u00e1 complementar a cortina existente, prevenindo danos semelhantes. Na sequ\u00eancia ser\u00e1 nivelado o degrau do pavimento com aplica\u00e7\u00e3o e compacta\u00e7\u00e3o de Concreto Betuminoso Usinado a Quente (CBUQ). Ap\u00f3s estas etapas, que devem ser conclu\u00eddas no in\u00edcio do ano que vem, o tr\u00e1fego ser\u00e1 liberado em duas pistas.<\/p>\n\n\n\n<ul class=\"wp-block-list\"><li><strong><a href=\"https:\/\/www.aen.pr.gov.br\/Noticia\/Barreado-e-o-12o-produto-paranaense-e-o-100o-do-Brasil-receber-Indicacao-Geografica\" target=\"_blank\" rel=\"noreferrer noopener\">Barreado \u00e9 o 12\u00ba produto paranaense e o 100\u00ba do Brasil a receber Indica\u00e7\u00e3o Geogr\u00e1fica<\/a><\/strong><\/li><li><strong><a href=\"https:\/\/www.aen.pr.gov.br\/Noticia\/Segundo-dia-de-audiencia-publica-da-Ponte-de-Guaratuba-tem-ampla-participacao-popular\" target=\"_blank\" rel=\"noreferrer noopener\">Segundo dia de audi\u00eancia p\u00fablica da Ponte de Guaratuba tem ampla participa\u00e7\u00e3o popular<\/a><\/strong><\/li><\/ul>\n\n\n\n<p><strong>DESLIZAMENTO&nbsp;<\/strong>\u2013 O DER\/PR tamb\u00e9m est\u00e1 prevendo os servi\u00e7os de refor\u00e7os dos taludes da rodovia nos pontos onde ocorreu deslizamento de terra, vegeta\u00e7\u00e3o e rochas. Ser\u00e1 executada conten\u00e7\u00e3o com tela met\u00e1lica, semelhante \u00e0 obra sendo executada na BR-277, tamb\u00e9m no Litoral, atingida por queda de rochas durante o mesmo per\u00edodo de chuvas.<\/p>\n\n\n\n<p>Enquanto os servi\u00e7os nos taludes estiverem em andamento, \u00e9 recomendado que os usu\u00e1rios evitem a rodovia em dias de chuva, devido ao risco de novas quedas de material.<\/p>\n\n\n\n<p>\u201cEnquanto aconteceram deslizamentos nas rodovias federais de acesso ao Litoral, que bloquearam as pistas, causando danos a ve\u00edculos e inclusive mortes no caso da BR-376, na Graciosa tivemos uma combina\u00e7\u00e3o de deslizamento de taludes e rompimento no aterro. Ou seja, danos em cima e em baixo da Estrada da Graciosa\u201d, explica o diretor-geral do DER\/PR, Alexandre Fernandes.<\/p>\n\n\n\n<p>\u201cPor isso a libera\u00e7\u00e3o da rodovia est\u00e1 levando um prazo um pouco maior que as demais. J\u00e1 limpamos e liberamos pontos atingidos por deslizamentos, mas na trinca do km 7 n\u00e3o \u00e9 poss\u00edvel o tr\u00e1fego de ve\u00edculos por enquanto, devido \u00e0s possibilidades de risco ao usu\u00e1rio e agravamento do dano, algo que estamos trabalhando para resolver\u201d, afirma.<\/p>\n\n\n\n<p>Os servi\u00e7os na PR-410 ser\u00e3o realizados emergencialmente, visando evitar evolu\u00e7\u00e3o do dano e poss\u00edvel ruptura do pavimento, garantindo que a popula\u00e7\u00e3o local possa voltar a utilizar a via para se deslocar o mais breve poss\u00edvel. Os trabalhos tamb\u00e9m garantem a retomada da movimenta\u00e7\u00e3o de visitantes pela Estrada da Graciosa, conhecido ponto tur\u00edstico do Paran\u00e1.<\/p>\n\n\n\n<ul class=\"wp-block-list\"><li><strong><a href=\"https:\/\/www.aen.pr.gov.br\/Noticia\/Estado-anuncia-acordo-de-R-3212-milhoes-com-concessionaria-para-novas-obras-em-rodovias\" target=\"_blank\" rel=\"noreferrer noopener\">Estado anuncia acordo de R$ 321,2 milh\u00f5es com concession\u00e1ria para novas obras em rodovias<\/a><\/strong><\/li><\/ul>\n\n\n\n<p><strong>BLOQUEIO\u00a0<\/strong>\u2013 O bloqueio permanece do km 6 ao km 16, devidamente sinalizado, tamb\u00e9m com barreiras f\u00edsicas e apoio do Batalh\u00e3o de Pol\u00edcia Rodovi\u00e1ria da Pol\u00edcia Militar do Paran\u00e1, que conta com um posto no trecho para garantir a seguran\u00e7a do usu\u00e1rio. Visitantes podem chegar at\u00e9 o Recanto Lacerda a partir da BR-116, ou at\u00e9 o Recanto M\u00e3e Catira, a partir de Morretes, mas a travessia completa da Estrada da Graciosa permanece indispon\u00edvel por enquanto.<\/p>\n\n\n\n<p>AEN<\/p>\n","protected":false},"excerpt":{"rendered":"<p>O Departamento de Estradas de Rodagem do Paran\u00e1 (DER\/PR) iniciou uma nova etapa da recupera\u00e7\u00e3o da Estrada da Graciosa (PR-410), atingida por queda de barreiras no final de novembro, que resultou no rompimento de conten\u00e7\u00e3o que causou uma trinca no pavimento. Os novos servi\u00e7os v\u00e3o reparar e refor\u00e7ar a cortina atirantada que se rompeu no [&hellip;]<\/p>\n","protected":false},"author":2,"featured_media":40871,"comment_status":"open","ping_status":"open","sticky":false,"template":"","format":"standard","meta":{"advanced_seo_description":"","jetpack_seo_html_title":"","jetpack_seo_noindex":false,"_jetpack_memberships_contains_paid_content":false,"footnotes":""},"categories":[40],"tags":[],"class_list":{"0":"post-40870","1":"post","2":"type-post","3":"status-publish","4":"format-standard","5":"has-post-thumbnail","7":"category-destaques"},"jetpack_featured_media_url":"https:\/\/www.paranapraia.com.br\/wp-content\/uploads\/2022\/12\/graciosa1.jpg","jetpack_sharing_enabled":true,"_links":{"self":[{"href":"https:\/\/www.paranapraia.com.br\/index.php\/wp-json\/wp\/v2\/posts\/40870"}],"collection":[{"href":"https:\/\/www.paranapraia.com.br\/index.php\/wp-json\/wp\/v2\/posts"}],"about":[{"href":"https:\/\/www.paranapraia.com.br\/index.php\/wp-json\/wp\/v2\/types\/post"}],"author":[{"embeddable":true,"href":"https:\/\/www.paranapraia.com.br\/index.php\/wp-json\/wp\/v2\/users\/2"}],"replies":[{"embeddable":true,"href":"https:\/\/www.paranapraia.com.br\/index.php\/wp-json\/wp\/v2\/comments?post=40870"}],"version-history":[{"count":1,"href":"https:\/\/www.paranapraia.com.br\/index.php\/wp-json\/wp\/v2\/posts\/40870\/revisions"}],"predecessor-version":[{"id":40872,"href":"https:\/\/www.paranapraia.com.br\/index.php\/wp-json\/wp\/v2\/posts\/40870\/revisions\/40872"}],"wp:featuredmedia":[{"embeddable":true,"href":"https:\/\/www.paranapraia.com.br\/index.php\/wp-json\/wp\/v2\/media\/40871"}],"wp:attachment":[{"href":"https:\/\/www.paranapraia.com.br\/index.php\/wp-json\/wp\/v2\/media?parent=40870"}],"wp:term":[{"taxonomy":"category","embeddable":true,"href":"https:\/\/www.paranapraia.com.br\/index.php\/wp-json\/wp\/v2\/categories?post=40870"},{"taxonomy":"post_tag","embeddable":true,"href":"https:\/\/www.paranapraia.com.br\/index.php\/wp-json\/wp\/v2\/tags?post=40870"}],"curies":[{"name":"wp","href":"https:\/\/api.w.org\/{rel}","templated":true}]}}