{"id":4084,"date":"2019-04-02T11:00:16","date_gmt":"2019-04-02T14:00:16","guid":{"rendered":"https:\/\/www.paranapraia.com.br\/?p=4084"},"modified":"2019-04-02T11:00:18","modified_gmt":"2019-04-02T14:00:18","slug":"lei-vai-garantir-prioridade-para-pessoas-com-autismo-em-guaratuba","status":"publish","type":"post","link":"https:\/\/www.paranapraia.com.br\/index.php\/2019\/04\/02\/lei-vai-garantir-prioridade-para-pessoas-com-autismo-em-guaratuba\/","title":{"rendered":"Lei vai garantir prioridade para pessoas com autismo em Guaratuba"},"content":{"rendered":"\n<p>Nesta ter\u00e7a-feira, 2 de abril, o Dia Mundial de Conscientiza\u00e7\u00e3o do Autismo ser\u00e1 lembrado em Guaratuba com tr\u00eas palestras na C\u00e2mara Municipal, a partir das 19h.<\/p>\n\n\n\n<p>O evento \u00e9 organizado por um grupo de pais e abrangem diversos aspectos do transtorno do espectro autista: \u201cConhecendo o Autismo\u201d, da psic\u00f3loga Danielle Cristine Moro; \u201cConhecendo para agir de forma eficaz\u201d, da pedagoga D\u00e9bora D. C. Barbosa; e \u201cEstimula\u00e7\u00e3o precoce de autistas na Apae\u201d, da psic\u00f3loga Mari\u00e1 Francisca Monteiro Angulski.<\/p>\n\n\n\n<p>Nesta segunda-feira (1\u00ba), a psic\u00f3loga Mari\u00e1 Monteiro utilizou a tribuna da C\u00e2mara para falar do assunto e divulgar a 1\u00aa Semana de Conscientiza\u00e7\u00e3o do Autismo em Guaratuba.<\/p>\n\n\n\n<p>Na mesma sess\u00e3o, os vereadores aprovaram, em primeira vota\u00e7\u00e3o e por unanimidade, o projeto de lei n\u00ba 674, apresentado pela vereadora Professora Paulina e que levou a assinatura de todos os vereadores presentes. O projeto d\u00e1 prioridade ao atendimento de pessoas com autismo nos estabelecimentos p\u00fablicos e privados de Guaratuba. O projeto ter\u00e1 de ser votado mais uma vez e ser sancionado pelo prefeito Roberto Justus para virar lei.<\/p>\n\n\n\n<p>A Semana de Conscientiza\u00e7\u00e3o termina com uma Corrida e Caminhada de Mobiliza\u00e7\u00e3o com o lema \u201cTodos Juntos pelo Autismo\u201d, no domingo (7), \u00e0s 8h. A largada ser\u00e1 na Praia Central e o percurso ser\u00e1 de 5 km. As inscri\u00e7\u00f5es podem ser feitas na FB Sports, na rua Jos\u00e9 Nicolau Abagge, 1035, Cohapar, com a entrega de 1 kg de alimento n\u00e3o perec\u00edvel. Os organizadores pedem para que as pessoas participem dos eventos da semana vestidas de azul, cor s\u00edmbolo do autismo.<\/p>\n\n\n\n<p>A Prefeitura de Guaratuba \u00e9 apoiadora da 1\u00aa Semana de Conscientiza\u00e7\u00e3o do Autismo. O Dia Municipal da Conscientiza\u00e7\u00e3o do Autismo, na mesma data do Dia Mundial, foi institu\u00eddo por projeto do vereador Almir Troyner e pela lei n\u00ba 1.700, sancionada pelo prefeito Roberto Justus em 20 de junho de 2017.<\/p>\n\n\n\n<p>Correio do Litoral<\/p>\n\n\n\n<p><br><\/p>\n","protected":false},"excerpt":{"rendered":"<p>Nesta ter\u00e7a-feira, 2 de abril, o Dia Mundial de Conscientiza\u00e7\u00e3o do Autismo ser\u00e1 lembrado em Guaratuba com tr\u00eas palestras na C\u00e2mara Municipal, a partir das 19h. O evento \u00e9 organizado por um grupo de pais e abrangem diversos aspectos do transtorno do espectro autista: \u201cConhecendo o Autismo\u201d, da psic\u00f3loga Danielle Cristine Moro; \u201cConhecendo para agir [&hellip;]<\/p>\n","protected":false},"author":2,"featured_media":4085,"comment_status":"open","ping_status":"open","sticky":false,"template":"","format":"standard","meta":{"advanced_seo_description":"","jetpack_seo_html_title":"","jetpack_seo_noindex":false,"_jetpack_memberships_contains_paid_content":false,"footnotes":""},"categories":[42],"tags":[],"class_list":{"0":"post-4084","1":"post","2":"type-post","3":"status-publish","4":"format-standard","5":"has-post-thumbnail","7":"category-cidades"},"jetpack_featured_media_url":"https:\/\/www.paranapraia.com.br\/wp-content\/uploads\/2019\/04\/aut.jpeg","jetpack_sharing_enabled":true,"_links":{"self":[{"href":"https:\/\/www.paranapraia.com.br\/index.php\/wp-json\/wp\/v2\/posts\/4084"}],"collection":[{"href":"https:\/\/www.paranapraia.com.br\/index.php\/wp-json\/wp\/v2\/posts"}],"about":[{"href":"https:\/\/www.paranapraia.com.br\/index.php\/wp-json\/wp\/v2\/types\/post"}],"author":[{"embeddable":true,"href":"https:\/\/www.paranapraia.com.br\/index.php\/wp-json\/wp\/v2\/users\/2"}],"replies":[{"embeddable":true,"href":"https:\/\/www.paranapraia.com.br\/index.php\/wp-json\/wp\/v2\/comments?post=4084"}],"version-history":[{"count":1,"href":"https:\/\/www.paranapraia.com.br\/index.php\/wp-json\/wp\/v2\/posts\/4084\/revisions"}],"predecessor-version":[{"id":4086,"href":"https:\/\/www.paranapraia.com.br\/index.php\/wp-json\/wp\/v2\/posts\/4084\/revisions\/4086"}],"wp:featuredmedia":[{"embeddable":true,"href":"https:\/\/www.paranapraia.com.br\/index.php\/wp-json\/wp\/v2\/media\/4085"}],"wp:attachment":[{"href":"https:\/\/www.paranapraia.com.br\/index.php\/wp-json\/wp\/v2\/media?parent=4084"}],"wp:term":[{"taxonomy":"category","embeddable":true,"href":"https:\/\/www.paranapraia.com.br\/index.php\/wp-json\/wp\/v2\/categories?post=4084"},{"taxonomy":"post_tag","embeddable":true,"href":"https:\/\/www.paranapraia.com.br\/index.php\/wp-json\/wp\/v2\/tags?post=4084"}],"curies":[{"name":"wp","href":"https:\/\/api.w.org\/{rel}","templated":true}]}}