{"id":4080,"date":"2019-04-02T10:57:46","date_gmt":"2019-04-02T13:57:46","guid":{"rendered":"https:\/\/www.paranapraia.com.br\/?p=4080"},"modified":"2019-04-02T10:57:47","modified_gmt":"2019-04-02T13:57:47","slug":"pm-prende-dois-por-trafico-depois-de-campana-em-guaratuba","status":"publish","type":"post","link":"https:\/\/www.paranapraia.com.br\/index.php\/2019\/04\/02\/pm-prende-dois-por-trafico-depois-de-campana-em-guaratuba\/","title":{"rendered":"PM prende dois por tr\u00e1fico depois de campana em Guaratuba"},"content":{"rendered":"\n<p>Um adulto e um adolescente foram presos na tarde desta segunda-feira (1\u00ba) em Guaratuba como resultado de dois meses de investiga\u00e7\u00e3o.<\/p>\n\n\n\n<p>L.P.B., morador da rua Gua\u00edra, no Cohapar, era vigiado pelo servi\u00e7o velado da Pol\u00edcia Militar pela suspeita de que ele armazenasse a droga do traficante W.M.G., o que acabou se confirmando. Por sua vez, o menor A.B.R, era respons\u00e1vel por levar a droga de um lugar para outro e fazer movimenta\u00e7\u00f5es banc\u00e1rias.<\/p>\n\n\n\n<p>Os policiais fizeram longas campanas na casa do suspeito e puderam acompanhar os deslocamentos e a venda da droga. Al\u00e9m disso, constataram que o principal suspeito, \u201cL\u201d, amea\u00e7ava usu\u00e1rios de droga com um rev\u00f3lver e tinha a ousadia de cometer diversas infra\u00e7\u00f5es de tr\u00e2nsito com uma motocicleta Honda CG vermelha. Empinava a moto pelas ruas da cidade, andava sem capacete e ainda entregava droga com a motocicleta mesmo n\u00e3o tendo carteira de habilita\u00e7\u00e3o.<\/p>\n\n\n\n<p>De acordo com as investiga\u00e7\u00f5es, nesta segunda-feira (1\u00ba) \u201cL\u201d estaria sem drogas e precisou que o menor \u201cA\u201d trouxesse um carregamento. Quando o adolescente chegou de bicicleta na casa de \u201cL\u201d e abriu o port\u00e3o, os policiais o abordaram. Os dois tentaram fugir, mas foram detidos. Na mochila do adolescente, foram encontrados 450 gramas de coca\u00edna e um total de R$ 299,50 em dinheiro trocado. A droga foi avaliada em R$ 12 mil.<\/p>\n\n\n\n<p>Segundo a Pol\u00edcia, os dois confessaram tudo e ainda informaram \u201cque todo o tr\u00e1fico de drogas esta gravado no aparelho celular\u201d de \u201cL\u201d: conversas, pedidos, presta\u00e7\u00e3o de contas. O aparelho foi apreendido e ser\u00e1 feita uma per\u00edcia para obter todas as informa\u00e7\u00f5es dispon\u00edveis. Ainda segundo a PM, a mulher de \u201cL\u201d ainda contou que o marido esconde a droga dentro do fog\u00e3o de sua casa,uma informa\u00e7\u00e3o que diante das circinst\u00e2ncias, n\u00e3o tem import\u00e2ncia algumas.<\/p>\n\n\n\n<p>Os dois foram encaminhados \u00e0 Pol\u00edcia Civil. O maior preso, o menor, apreendido.<\/p>\n\n\n\n<p><em>Reportagem: Correio do Litoral e Jornal de Guaratuba<\/em><\/p>\n\n\n\n<p><br><\/p>\n","protected":false},"excerpt":{"rendered":"<p>Um adulto e um adolescente foram presos na tarde desta segunda-feira (1\u00ba) em Guaratuba como resultado de dois meses de investiga\u00e7\u00e3o. L.P.B., morador da rua Gua\u00edra, no Cohapar, era vigiado pelo servi\u00e7o velado da Pol\u00edcia Militar pela suspeita de que ele armazenasse a droga do traficante W.M.G., o que acabou se confirmando. Por sua vez, [&hellip;]<\/p>\n","protected":false},"author":2,"featured_media":4081,"comment_status":"open","ping_status":"open","sticky":false,"template":"","format":"standard","meta":{"advanced_seo_description":"","jetpack_seo_html_title":"","jetpack_seo_noindex":false,"_jetpack_memberships_contains_paid_content":false,"footnotes":""},"categories":[33],"tags":[],"class_list":{"0":"post-4080","1":"post","2":"type-post","3":"status-publish","4":"format-standard","5":"has-post-thumbnail","7":"category-policia"},"jetpack_featured_media_url":"https:\/\/www.paranapraia.com.br\/wp-content\/uploads\/2019\/04\/traf.jpeg","jetpack_sharing_enabled":true,"_links":{"self":[{"href":"https:\/\/www.paranapraia.com.br\/index.php\/wp-json\/wp\/v2\/posts\/4080"}],"collection":[{"href":"https:\/\/www.paranapraia.com.br\/index.php\/wp-json\/wp\/v2\/posts"}],"about":[{"href":"https:\/\/www.paranapraia.com.br\/index.php\/wp-json\/wp\/v2\/types\/post"}],"author":[{"embeddable":true,"href":"https:\/\/www.paranapraia.com.br\/index.php\/wp-json\/wp\/v2\/users\/2"}],"replies":[{"embeddable":true,"href":"https:\/\/www.paranapraia.com.br\/index.php\/wp-json\/wp\/v2\/comments?post=4080"}],"version-history":[{"count":1,"href":"https:\/\/www.paranapraia.com.br\/index.php\/wp-json\/wp\/v2\/posts\/4080\/revisions"}],"predecessor-version":[{"id":4082,"href":"https:\/\/www.paranapraia.com.br\/index.php\/wp-json\/wp\/v2\/posts\/4080\/revisions\/4082"}],"wp:featuredmedia":[{"embeddable":true,"href":"https:\/\/www.paranapraia.com.br\/index.php\/wp-json\/wp\/v2\/media\/4081"}],"wp:attachment":[{"href":"https:\/\/www.paranapraia.com.br\/index.php\/wp-json\/wp\/v2\/media?parent=4080"}],"wp:term":[{"taxonomy":"category","embeddable":true,"href":"https:\/\/www.paranapraia.com.br\/index.php\/wp-json\/wp\/v2\/categories?post=4080"},{"taxonomy":"post_tag","embeddable":true,"href":"https:\/\/www.paranapraia.com.br\/index.php\/wp-json\/wp\/v2\/tags?post=4080"}],"curies":[{"name":"wp","href":"https:\/\/api.w.org\/{rel}","templated":true}]}}