{"id":4077,"date":"2019-04-02T10:53:45","date_gmt":"2019-04-02T13:53:45","guid":{"rendered":"https:\/\/www.paranapraia.com.br\/?p=4077"},"modified":"2019-04-02T10:53:46","modified_gmt":"2019-04-02T13:53:46","slug":"ccj-analisa-a-reforma-administrativa-na-sessao-desta-terca-feira-2","status":"publish","type":"post","link":"https:\/\/www.paranapraia.com.br\/index.php\/2019\/04\/02\/ccj-analisa-a-reforma-administrativa-na-sessao-desta-terca-feira-2\/","title":{"rendered":"CCJ analisa a Reforma Administrativa na sess\u00e3o desta ter\u00e7a-feira (2)"},"content":{"rendered":"\n<p>\n\nAl\u00e9m dos nove&nbsp;<a href=\"javascript:void(0)\">projetos<\/a>&nbsp;de&nbsp;<a href=\"javascript:void(0)\">lei<\/a>&nbsp;de autoria parlamentar estabelecendo medidas para implementar pol\u00edticas p\u00fablicas destinadas \u00e0s pessoas com Transtorno do Espectro Autista (TEA), a Comiss\u00e3o de Constitui\u00e7\u00e3o e Justi\u00e7a (CCJ) da&nbsp;<a href=\"javascript:void(0)\">Assembleia Legislativa<\/a>&nbsp;do Paran\u00e1 (ALEP) vai analisar na sess\u00e3o ordin\u00e1ria desta ter\u00e7a-feira (2) duas propostas do&nbsp;<a href=\"javascript:void(0)\">Poder Executivo<\/a>. Uma delas, o projeto de lei n\u00ba 57\/2019, disp\u00f5e sobre a organiza\u00e7\u00e3o b\u00e1sica administrativa do Poder Executivo Estadual.<\/p>\n\n\n\n<p>A outra, o projeto de lei n\u00ba 190\/2019, que tramita em regime de urg\u00eancia, altera dispositivos das Leis n\u00ba 19.802\/2018 e 19.748\/2016. No primeiro caso, com o objetivo de limitar em 5% os honor\u00e1rios advocat\u00edcios devidos em rela\u00e7\u00e3o aos cr\u00e9ditos ajuizados e quitados com os benef\u00edcios da Lei n\u00ba 19.802\/2018, que disp\u00f5e sobre o tratamento diferenciado de pagamento de d\u00edvidas com ICM e ICMS.<\/p>\n\n\n\n<p>E em rela\u00e7\u00e3o \u00e0 Lei n\u00ba 18.748\/2016, a modifica\u00e7\u00e3o diz respeito a exclus\u00e3o do trecho final do art.2\u00ba, referente aos honor\u00e1rios de sucumb\u00eancia das a\u00e7\u00f5es ajuizadas a partir da vig\u00eancia do C\u00f3digo de Processo Civil alterado em 2015. A proposta revoga ainda o \u00a7 3\u00ba do art. 2\u00ba da mesma lei, que trata da destina\u00e7\u00e3o das verbas de sucumb\u00eancia das a\u00e7\u00f5es ajuizadas antes da vig\u00eancia do CPC\/2015. A sess\u00e3o da CCJ tem in\u00edcio \u00e0s 13h30, no Audit\u00f3rio Legislativo da Assembleia. <\/p>\n\n\n\n<p>ALEP<\/p>\n","protected":false},"excerpt":{"rendered":"<p>Al\u00e9m dos nove&nbsp;projetos&nbsp;de&nbsp;lei&nbsp;de autoria parlamentar estabelecendo medidas para implementar pol\u00edticas p\u00fablicas destinadas \u00e0s pessoas com Transtorno do Espectro Autista (TEA), a Comiss\u00e3o de Constitui\u00e7\u00e3o e Justi\u00e7a (CCJ) da&nbsp;Assembleia Legislativa&nbsp;do Paran\u00e1 (ALEP) vai analisar na sess\u00e3o ordin\u00e1ria desta ter\u00e7a-feira (2) duas propostas do&nbsp;Poder Executivo. Uma delas, o projeto de lei n\u00ba 57\/2019, disp\u00f5e sobre a organiza\u00e7\u00e3o [&hellip;]<\/p>\n","protected":false},"author":2,"featured_media":4078,"comment_status":"open","ping_status":"open","sticky":false,"template":"","format":"standard","meta":{"advanced_seo_description":"","jetpack_seo_html_title":"","jetpack_seo_noindex":false,"_jetpack_memberships_contains_paid_content":false,"footnotes":""},"categories":[32],"tags":[],"class_list":{"0":"post-4077","1":"post","2":"type-post","3":"status-publish","4":"format-standard","5":"has-post-thumbnail","7":"category-politica"},"jetpack_featured_media_url":"https:\/\/www.paranapraia.com.br\/wp-content\/uploads\/2019\/04\/cam.jpg","jetpack_sharing_enabled":true,"_links":{"self":[{"href":"https:\/\/www.paranapraia.com.br\/index.php\/wp-json\/wp\/v2\/posts\/4077"}],"collection":[{"href":"https:\/\/www.paranapraia.com.br\/index.php\/wp-json\/wp\/v2\/posts"}],"about":[{"href":"https:\/\/www.paranapraia.com.br\/index.php\/wp-json\/wp\/v2\/types\/post"}],"author":[{"embeddable":true,"href":"https:\/\/www.paranapraia.com.br\/index.php\/wp-json\/wp\/v2\/users\/2"}],"replies":[{"embeddable":true,"href":"https:\/\/www.paranapraia.com.br\/index.php\/wp-json\/wp\/v2\/comments?post=4077"}],"version-history":[{"count":1,"href":"https:\/\/www.paranapraia.com.br\/index.php\/wp-json\/wp\/v2\/posts\/4077\/revisions"}],"predecessor-version":[{"id":4079,"href":"https:\/\/www.paranapraia.com.br\/index.php\/wp-json\/wp\/v2\/posts\/4077\/revisions\/4079"}],"wp:featuredmedia":[{"embeddable":true,"href":"https:\/\/www.paranapraia.com.br\/index.php\/wp-json\/wp\/v2\/media\/4078"}],"wp:attachment":[{"href":"https:\/\/www.paranapraia.com.br\/index.php\/wp-json\/wp\/v2\/media?parent=4077"}],"wp:term":[{"taxonomy":"category","embeddable":true,"href":"https:\/\/www.paranapraia.com.br\/index.php\/wp-json\/wp\/v2\/categories?post=4077"},{"taxonomy":"post_tag","embeddable":true,"href":"https:\/\/www.paranapraia.com.br\/index.php\/wp-json\/wp\/v2\/tags?post=4077"}],"curies":[{"name":"wp","href":"https:\/\/api.w.org\/{rel}","templated":true}]}}