{"id":4069,"date":"2019-04-02T10:49:08","date_gmt":"2019-04-02T13:49:08","guid":{"rendered":"https:\/\/www.paranapraia.com.br\/?p=4069"},"modified":"2019-04-02T10:49:13","modified_gmt":"2019-04-02T13:49:13","slug":"lutador-morre-em-evento-de-mma-amador","status":"publish","type":"post","link":"https:\/\/www.paranapraia.com.br\/index.php\/2019\/04\/02\/lutador-morre-em-evento-de-mma-amador\/","title":{"rendered":"Lutador morre em evento de MMA amador"},"content":{"rendered":"\n<p>O lutador amazonense Mateus Fernando Correa Dias, de 20 anos, morreu na noite do \u00faltimo s\u00e1bado (30), ap\u00f3s ser nocauteado durante o Remulos Fight Night, torneio amador de MMA disputado em Manaus. Depois de ter vencido os dois primeiros rounds do combate, o jovem sofreu dois duros golpes na cabe\u00e7a no terceiro round, passou mal e sofreu uma parada card\u00edaca ainda no oct\u00f3gono. Ele chegou a ser levado \u00e0 unidade de emerg\u00eancia do Servi\u00e7o de Pronto-Atendimento (SPA) de S\u00e3o Raimundo, na zona Oeste de Manaus, mas n\u00e3o resistiu.<\/p>\n\n\n\n<p>De acordo com o laudo do IML (Instituto M\u00e9dico Legal) de Manaus, Mateus deu entrada no SPA de S\u00e3o Raimundo \u00e0s 21h15 e a morte foi confirmada \u00e0s 23h45 de s\u00e1bado. No laudo inicial, consta a observa\u00e7\u00e3o de suspeita de overdose. A causa da morte ainda n\u00e3o foi confirmada pelas autoridades locais.<\/p>\n\n\n\n<p>O treinador Valmir Dieb disse que Mateus, atleta da categoria peso-galo, tinha problemas com drogas -Dieb tamb\u00e9m eximiu de culpa a organiza\u00e7\u00e3o do evento.<\/p>\n\n\n\n<p>&#8220;Eu lembro exatamente a \u00faltima coisa que disse para ele: &#8216;vai l\u00e1 e segura, voc\u00ea j\u00e1 ganhou os dois primeiros rounds e s\u00f3 faltam mais tr\u00eas minutos para voc\u00ea levar mais essa vit\u00f3ria para casa&#8217;. Mas, no in\u00edcio do terceiro round, ele ficou grogue, levou dois diretos e foi nocauteado. O professor [juiz] logo parou a luta e o Mateus logo se sentou no ch\u00e3o, chegou a demonstrar uma rea\u00e7\u00e3o. Mas, em seguida, teve uma convuls\u00e3o ainda no ringue. Foi uma fatalidade&#8221;, analisou o treinador Valmir Dieb.<\/p>\n\n\n\n<p>O lutador fazia parte do projeto social Formando Campe\u00f5es, que ajuda jovens com depend\u00eancia qu\u00edmica por meio das artes marciais. &#8220;Somos um projeto muito carente em Iranduba (Regi\u00e3o Metropolitana de Manaus). Eu cuido do projeto com a minha esposa. N\u00e3o temos nenhum apoio. Mas, mesmo assim, batalhamos para ajudar estes jovens que est\u00e3o numa situa\u00e7\u00e3o delicada&#8221;, contou Dieb.<\/p>\n\n\n\n<p>&#8220;O Mateus estava conosco h\u00e1 tr\u00eas anos. Ele era usu\u00e1rio de drogas e teve algumas reca\u00eddas. Usava coca\u00edna, maconha e oxi. Toda vez que ele voltava a usar drogas, eu tirava o quimono que havia dado a ele. Depois, ele se arrependia, se recuperava e voltava a treinar cada vez mais forte. Essa era a terceira edi\u00e7\u00e3o que ele estava competindo do torneio, j\u00e1 havia ganhado em 2017&#8221;, revelou Valmir.<\/p>\n\n\n\n<p>&#8220;Vou lembrar para o resto da minha vida da frase que o m\u00e9dico me disse: ele poderia ter morrido andando ou correndo na rua. N\u00e3o tinha como evitar. Em duas horas no pronto-atendimento, ele sofreu quatro paradas card\u00edacas&#8221;, acrescentou.<\/p>\n\n\n\n<p>Familiares do lutador e espectadores que estavam no Remulos Clube, local onde ocorreu o evento, afirmam que n\u00e3o havia uma ambul\u00e2ncia para pronto-atendimento. Walllace Alves, presidente da CAMMA-AM (Comiss\u00e3o Atl\u00e9tica de MMA do Amazonas), admitiu que a ambul\u00e2ncia que estava no local n\u00e3o era equipada com uma UTI m\u00f3vel, mas que havia, sim, um ve\u00edculo com uma equipe m\u00e9dica.<\/p>\n\n\n\n<p>&#8220;O Mateus foi atendido muito r\u00e1pido. Nos eventos maiores, contamos com uma ambul\u00e2ncia completa. Mas o aluguel \u00e9 de R$ 4.800,00. N\u00e3o temos como arcar com esse valor. Ent\u00e3o, fechamos patroc\u00ednio com a empresa respons\u00e1vel pela ambul\u00e2ncia e pegamos uma ambul\u00e2ncia mais simples, que custa R$ 800,00 para acompanhar o evento. Ele foi levado ao SPA por um carro particular para agilizar o atendimento. Tanto que o treinador dele estava num carro com ele e eu estava em outro, com o R\u00f4mulo Lobo, propriet\u00e1rio da casa que realizou o torneio. A ambul\u00e2ncia foi logo atr\u00e1s e, inclusive, o evento s\u00f3 voltou a ser disputado depois que a equipe m\u00e9dica retornou ao clube&#8221;, disse o dirigente da entidade.<\/p>\n\n\n\n<p>Dieb tamb\u00e9m negou problemas. &#8220;Foi atendido muito r\u00e1pido pela equipe m\u00e9dica que estava no local. N\u00e3o tinha mais nada o que fazer. O torneio contou com todo um suporte. Havia \u00e0 disposi\u00e7\u00e3o um neurocirurgi\u00e3o, t\u00e9cnicos de enfermagem, enfermeira, mas nada evitou que ele morresse duas horas depois da luta&#8221;.<\/p>\n\n\n\n<p>Questionado pela reportagem se Mateus apresentava sinais de ter utilizado drogas antes do combate, o t\u00e9cnico do jovem afirma que n\u00e3o havia suspeitado. &#8220;Ele estava normal. Se eu tivesse alguma d\u00favida, teria cancelado a luta na hora. Ele passou por exames na sexta-feira (29) e estava limpo, mas ex-alunos nos disseram depois que ele passou a noite usando drogas. N\u00e3o parecia ter usado nada. Estava suando muito, mas isso \u00e9 normal, adrenalina da luta. Ele foi muito bem nos primeiros rounds, mas foi abalado no terceiro assalto e caiu, foi ent\u00e3o que come\u00e7ou a ter convuls\u00f5es&#8221;, disse.<\/p>\n\n\n\n<p>EVENTO TEM FORMATO ESPECIAL PARA AMADORES<\/p>\n\n\n\n<p>Segundo Walllace Alves, as lutas amadoras do Remulos Fight Night t\u00eam o tempo de cada round encurtado, de cinco para tr\u00eas minutos, para preservar os atletas. &#8220;Proibimos cotoveladas e joelhadas frontais, que s\u00e3o golpes perigosos. Nos preocupamos com a sa\u00fade do atleta. Procuramos lutadores de projetos sociais que querem uma ascens\u00e3o na vida por meio da luta. Eles vivem num mundo perigoso, na corda bamba, e a \u00fanica esperan\u00e7a \u00e9 o esporte. Eles se inspiram no Jos\u00e9 Aldo, que tamb\u00e9m \u00e9 daqui de Manaus.&#8221;<\/p>\n\n\n\n<p>Para o presidente da CAMMA-AM, o hist\u00f3rico de drogas de Mateus Fernando tamb\u00e9m pode ter causado a morte do lutador. &#8220;N\u00e3o acho que foi fatalidade, mas n\u00e3o quero colocar culpa no garoto. Mas sei que ele foi resgatado mais de dez vezes da boca de fumo. O pessoal do projeto Formando Campe\u00f5es me contou que at\u00e9 os traficantes da regi\u00e3o onde ele morava avisam ao treinador Valmir Dieb para evitar que ele volte a usar drogas&#8221;, comentou.<\/p>\n\n\n\n<p>&#8220;Pedimos alguns exames de sangue, principalmente de HIV e outros de doen\u00e7as ven\u00e9reas. S\u00f3 n\u00e3o conseguimos arcar com a resson\u00e2ncia magn\u00e9tica porque \u00e9 muito cara. Queremos ajudar esses garotos. \u00c9 f\u00e1cil criticar, mas os familiares nunca foram resgatar ele numa boca de fumo&#8221;, acrescentou o dirigente.<\/p>\n\n\n\n<p>O presidente da CAMMA-AM, Walllace Alves, afirmou que os organizadores do torneio Remulos Fight Night ir\u00e3o arcar com os custos do vel\u00f3rio e do enterro, que j\u00e1 ocorreram no \u00faltimo domingo (31).<\/p>\n\n\n\n<p>Bem Paran\u00e1<\/p>\n","protected":false},"excerpt":{"rendered":"<p>O lutador amazonense Mateus Fernando Correa Dias, de 20 anos, morreu na noite do \u00faltimo s\u00e1bado (30), ap\u00f3s ser nocauteado durante o Remulos Fight Night, torneio amador de MMA disputado em Manaus. Depois de ter vencido os dois primeiros rounds do combate, o jovem sofreu dois duros golpes na cabe\u00e7a no terceiro round, passou mal [&hellip;]<\/p>\n","protected":false},"author":2,"featured_media":4070,"comment_status":"open","ping_status":"open","sticky":false,"template":"","format":"standard","meta":{"advanced_seo_description":"","jetpack_seo_html_title":"","jetpack_seo_noindex":false,"_jetpack_memberships_contains_paid_content":false,"footnotes":""},"categories":[40],"tags":[],"class_list":{"0":"post-4069","1":"post","2":"type-post","3":"status-publish","4":"format-standard","5":"has-post-thumbnail","7":"category-destaques"},"jetpack_featured_media_url":"https:\/\/www.paranapraia.com.br\/wp-content\/uploads\/2019\/04\/morto.jpg","jetpack_sharing_enabled":true,"_links":{"self":[{"href":"https:\/\/www.paranapraia.com.br\/index.php\/wp-json\/wp\/v2\/posts\/4069"}],"collection":[{"href":"https:\/\/www.paranapraia.com.br\/index.php\/wp-json\/wp\/v2\/posts"}],"about":[{"href":"https:\/\/www.paranapraia.com.br\/index.php\/wp-json\/wp\/v2\/types\/post"}],"author":[{"embeddable":true,"href":"https:\/\/www.paranapraia.com.br\/index.php\/wp-json\/wp\/v2\/users\/2"}],"replies":[{"embeddable":true,"href":"https:\/\/www.paranapraia.com.br\/index.php\/wp-json\/wp\/v2\/comments?post=4069"}],"version-history":[{"count":1,"href":"https:\/\/www.paranapraia.com.br\/index.php\/wp-json\/wp\/v2\/posts\/4069\/revisions"}],"predecessor-version":[{"id":4071,"href":"https:\/\/www.paranapraia.com.br\/index.php\/wp-json\/wp\/v2\/posts\/4069\/revisions\/4071"}],"wp:featuredmedia":[{"embeddable":true,"href":"https:\/\/www.paranapraia.com.br\/index.php\/wp-json\/wp\/v2\/media\/4070"}],"wp:attachment":[{"href":"https:\/\/www.paranapraia.com.br\/index.php\/wp-json\/wp\/v2\/media?parent=4069"}],"wp:term":[{"taxonomy":"category","embeddable":true,"href":"https:\/\/www.paranapraia.com.br\/index.php\/wp-json\/wp\/v2\/categories?post=4069"},{"taxonomy":"post_tag","embeddable":true,"href":"https:\/\/www.paranapraia.com.br\/index.php\/wp-json\/wp\/v2\/tags?post=4069"}],"curies":[{"name":"wp","href":"https:\/\/api.w.org\/{rel}","templated":true}]}}