{"id":4060,"date":"2019-04-02T10:41:58","date_gmt":"2019-04-02T13:41:58","guid":{"rendered":"https:\/\/www.paranapraia.com.br\/?p=4060"},"modified":"2019-04-02T10:43:09","modified_gmt":"2019-04-02T13:43:09","slug":"sol-atrapalha-a-visao-de-condutora-que-bate-contra-caminhao-2","status":"publish","type":"post","link":"https:\/\/www.paranapraia.com.br\/index.php\/2019\/04\/02\/sol-atrapalha-a-visao-de-condutora-que-bate-contra-caminhao-2\/","title":{"rendered":"Beto Richa e mais seis viram r\u00e9us por obstru\u00e7\u00e3o de investiga\u00e7\u00e3o"},"content":{"rendered":"\n<p>O ex-governador Beto Richa (PSDB) e mais seis pessoas \u2013 sendo uma delas a mulher dele, Fernanda Richa \u2013 viraram r\u00e9us na Opera\u00e7\u00e3o Quadro Negro, que investiga desvios de verbas em escolas p\u00fablicas do Paran\u00e1. Nesta segunda-feira (1), o juiz Fernando Bardelli Silva Fischer, da 9\u00aa Vara Criminal de Curitiba, decidiu aceitar uma den\u00fancia do Minist\u00e9rio P\u00fablico do Paran\u00e1 (MP-PR).<\/p>\n\n\n\n<p>Pela den\u00fancia do MP, Richa \u00e9 acusado de obstru\u00e7\u00e3o de investiga\u00e7\u00e3o de organiza\u00e7\u00e3o criminosa no \u00e2mbito da opera\u00e7\u00e3o. Al\u00e9m dessa den\u00fancia, a ex-primeira-dama tamb\u00e9m \u00e9 acusada de organiza\u00e7\u00e3o criminosa. Os outros acusados de obstru\u00e7\u00e3o de investiga\u00e7\u00e3o s\u00e3o o operador financeiro Jorge Atherino, Rafael de Sarandy Wawryniuk (genro de Atherino), o ex-diretor da Secretaria de Educa\u00e7\u00e3o Maur\u00edcio Fanini, o empres\u00e1rio Jo\u00e3o Gilberto Cominese Freire e o ex-procurador S\u00e9rgio Botto de Lacerda.<\/p>\n\n\n\n<p>&#8220;Verifico a exist\u00eancia da justa causa para exerc\u00edcio da a\u00e7\u00e3o penal, consubstanciada nos elementos indici\u00e1rios e elementos de prova que instruem os autos e que representam lastro probat\u00f3rio da materialidade e de ind\u00edcios suficientes de autoria dos delitos de obstru\u00e7\u00e3o de investiga\u00e7\u00e3o de organiza\u00e7\u00e3o criminosa e organiza\u00e7\u00e3o criminosa atribu\u00eddos aos denunciados&#8221;, afirmou o juiz, ao aceitar a den\u00fancia.<\/p>\n\n\n\n<p>A Opera\u00e7\u00e3o Quadro Negro apura desvios de mais de R$ 20 milh\u00f5es de obras de escolas p\u00fablicas do estado, entre 2012 e 2015. Richa \u00e9 acusado pelo Minist\u00e9rio P\u00fablico como chefe de uma organiza\u00e7\u00e3o criminosa que criou um sistema de corrup\u00e7\u00e3o para conseguir propina por meio do favorecimento de empresas privadas contratadas pelo governo.<\/p>\n\n\n\n<p>Bem Paran\u00e1<\/p>\n","protected":false},"excerpt":{"rendered":"<p>O ex-governador Beto Richa (PSDB) e mais seis pessoas \u2013 sendo uma delas a mulher dele, Fernanda Richa \u2013 viraram r\u00e9us na Opera\u00e7\u00e3o Quadro Negro, que investiga desvios de verbas em escolas p\u00fablicas do Paran\u00e1. Nesta segunda-feira (1), o juiz Fernando Bardelli Silva Fischer, da 9\u00aa Vara Criminal de Curitiba, decidiu aceitar uma den\u00fancia do [&hellip;]<\/p>\n","protected":false},"author":2,"featured_media":4061,"comment_status":"open","ping_status":"open","sticky":false,"template":"","format":"standard","meta":{"advanced_seo_description":"","jetpack_seo_html_title":"","jetpack_seo_noindex":false,"_jetpack_memberships_contains_paid_content":false,"footnotes":""},"categories":[32],"tags":[],"class_list":{"0":"post-4060","1":"post","2":"type-post","3":"status-publish","4":"format-standard","5":"has-post-thumbnail","7":"category-politica"},"jetpack_featured_media_url":"https:\/\/www.paranapraia.com.br\/wp-content\/uploads\/2019\/04\/beto.jpg","jetpack_sharing_enabled":true,"_links":{"self":[{"href":"https:\/\/www.paranapraia.com.br\/index.php\/wp-json\/wp\/v2\/posts\/4060"}],"collection":[{"href":"https:\/\/www.paranapraia.com.br\/index.php\/wp-json\/wp\/v2\/posts"}],"about":[{"href":"https:\/\/www.paranapraia.com.br\/index.php\/wp-json\/wp\/v2\/types\/post"}],"author":[{"embeddable":true,"href":"https:\/\/www.paranapraia.com.br\/index.php\/wp-json\/wp\/v2\/users\/2"}],"replies":[{"embeddable":true,"href":"https:\/\/www.paranapraia.com.br\/index.php\/wp-json\/wp\/v2\/comments?post=4060"}],"version-history":[{"count":2,"href":"https:\/\/www.paranapraia.com.br\/index.php\/wp-json\/wp\/v2\/posts\/4060\/revisions"}],"predecessor-version":[{"id":4063,"href":"https:\/\/www.paranapraia.com.br\/index.php\/wp-json\/wp\/v2\/posts\/4060\/revisions\/4063"}],"wp:featuredmedia":[{"embeddable":true,"href":"https:\/\/www.paranapraia.com.br\/index.php\/wp-json\/wp\/v2\/media\/4061"}],"wp:attachment":[{"href":"https:\/\/www.paranapraia.com.br\/index.php\/wp-json\/wp\/v2\/media?parent=4060"}],"wp:term":[{"taxonomy":"category","embeddable":true,"href":"https:\/\/www.paranapraia.com.br\/index.php\/wp-json\/wp\/v2\/categories?post=4060"},{"taxonomy":"post_tag","embeddable":true,"href":"https:\/\/www.paranapraia.com.br\/index.php\/wp-json\/wp\/v2\/tags?post=4060"}],"curies":[{"name":"wp","href":"https:\/\/api.w.org\/{rel}","templated":true}]}}